{"id":101567,"date":"2023-04-02T16:00:00","date_gmt":"2023-04-02T21:00:00","guid":{"rendered":"https:\/\/nvnoticias.mx\/?p=101567"},"modified":"2023-04-02T19:22:11","modified_gmt":"2023-04-03T00:22:11","slug":"el-sector-turistico-de-veracruz-espera-llegar-a-85-por-ciento-en-ocupacion-hotelera","status":"publish","type":"post","link":"https:\/\/nvnoticias.mx\/index.php\/2023\/04\/02\/el-sector-turistico-de-veracruz-espera-llegar-a-85-por-ciento-en-ocupacion-hotelera\/","title":{"rendered":"El sector tur\u00edstico de Veracruz espera llegar a 85 por ciento en ocupaci\u00f3n hotelera"},"content":{"rendered":"\n<p><strong>Jes\u00fas Utrilla \/ NV Noticias<\/strong><\/p>\n\n\n\n<p>El sector tur\u00edstico de Veracruz espera llegar a 85 por ciento en ocupaci\u00f3n hotelera durante\u00a0las dos\u00a0semanas de vacaciones, lo que se reflejar\u00e1 en derrama econ\u00f3mica en negocios gastron\u00f3micos, transporte, comercios y otros giros de la industria sin chimeneas.\u00a0<\/p>\n\n\n\n<p>Sergio Lois Heredia, presidente del Consejo Metropolitano de Turismo (Cometur), dijo que el a\u00f1o pasado el promedio de ocupaci\u00f3n fue de 70 por ciento\u00a0entre las dos\u00a0semanas de vacaciones y se espera igualar los resultados\u00a0pero sobre todo rebasarlos y llegar a 85 por ciento en todo el periodo de asueto, con repuntes los fines de semana y los d\u00edas principales.\u00a0<\/p>\n\n\n\n<blockquote class=\"wp-block-quote is-layout-flow wp-block-quote-is-layout-flow\"><p>\u201c<em>Quien va a venir para Semana Santa, a pesar que\u00a0siempre dejan para \u00faltimo momento la mayor\u00eda ya podr\u00eda tener definido el destino. Algo que va a jugar mucho es que el clima nos respete porque este a\u00f1o cada fin de semana hemos tenido norte y ojal\u00e1 que el clima nos respete. Seguramente vamos a estar con porcentajes y afluencia y la referencia debe ser igualar o superar al a\u00f1o pasado<\/em>\u201d.\u00a0<\/p><\/blockquote>\n\n\n\n<p>Admiti\u00f3 que el primer bimestre del a\u00f1o fue complicado para el sector, aunque no puede compararse con 2022, pues en enero y febrero a\u00fan se ten\u00edan casos de Covid\u00a0y escasa movilidad, pero en el segundo semestre del a\u00f1o pasado repunt\u00f3 el flujo de visitantes y este 2023 torna m\u00e1s alentador.\u00a0<\/p>\n\n\n\n<blockquote class=\"wp-block-quote is-layout-flow wp-block-quote-is-layout-flow\"><p>\u201c<em>Este a\u00f1o en el primer bimestre nos defendimos, fue una buena temporada porque fue la cuesta y son unos de los dos meses complicados de todo el a\u00f1o\u00a0pero me parece que no inici\u00f3 mal. El puente del 21 nos peg\u00f3 mal clima y afect\u00f3, pero a\u00fan\u00a0as\u00ed se pudo observar una afluencia tur\u00edstica interesante<\/em>\u201d.\u00a0<\/p><\/blockquote>\n\n\n\n<p>Afirm\u00f3 que ya hay reservaciones para los d\u00edas de la semana mayor, aunque no especific\u00f3 los porcentajes. Reiter\u00f3 que muchos dejan para \u00faltimo momento el apartado de hotel, sin embargo, definen desde antes su destino y a Veracruz le ir\u00e1 bien en las vacaciones de Semana Santa.\u00a0<\/p>\n","protected":false},"excerpt":{"rendered":"<p>Jes\u00fas Utrilla \/ NV Noticias El sector tur\u00edstico de Veracruz espera llegar a 85 por ciento en ocupaci\u00f3n hotelera durante\u00a0las dos\u00a0semanas de vacaciones, lo que se reflejar\u00e1 en derrama econ\u00f3mica en negocios gastron\u00f3micos, transporte, comercios y otros giros de la industria sin chimeneas.\u00a0 Sergio Lois Heredia, presidente del Consejo Metropolitano de Turismo (Cometur), dijo que [&hellip;]<\/p>\n","protected":false},"author":8,"featured_media":60871,"comment_status":"open","ping_status":"open","sticky":false,"template":"","format":"standard","meta":{"_monsterinsights_skip_tracking":false,"_monsterinsights_sitenote_active":false,"_monsterinsights_sitenote_note":"","_monsterinsights_sitenote_category":0,"footnotes":""},"categories":[154],"tags":[2873,22532,180],"class_list":["post-101567","post","type-post","status-publish","format-standard","has-post-thumbnail","hentry","category-veracruz","tag-ocupacion-hotelera","tag-sector-turistico","tag-veracruz","wp-image-borders"],"amp_enabled":true,"_links":{"self":[{"href":"https:\/\/nvnoticias.mx\/index.php\/wp-json\/wp\/v2\/posts\/101567","targetHints":{"allow":["GET"]}}],"collection":[{"href":"https:\/\/nvnoticias.mx\/index.php\/wp-json\/wp\/v2\/posts"}],"about":[{"href":"https:\/\/nvnoticias.mx\/index.php\/wp-json\/wp\/v2\/types\/post"}],"author":[{"embeddable":true,"href":"https:\/\/nvnoticias.mx\/index.php\/wp-json\/wp\/v2\/users\/8"}],"replies":[{"embeddable":true,"href":"https:\/\/nvnoticias.mx\/index.php\/wp-json\/wp\/v2\/comments?post=101567"}],"version-history":[{"count":1,"href":"https:\/\/nvnoticias.mx\/index.php\/wp-json\/wp\/v2\/posts\/101567\/revisions"}],"predecessor-version":[{"id":101568,"href":"https:\/\/nvnoticias.mx\/index.php\/wp-json\/wp\/v2\/posts\/101567\/revisions\/101568"}],"wp:featuredmedia":[{"embeddable":true,"href":"https:\/\/nvnoticias.mx\/index.php\/wp-json\/wp\/v2\/media\/60871"}],"wp:attachment":[{"href":"https:\/\/nvnoticias.mx\/index.php\/wp-json\/wp\/v2\/media?parent=101567"}],"wp:term":[{"taxonomy":"category","embeddable":true,"href":"https:\/\/nvnoticias.mx\/index.php\/wp-json\/wp\/v2\/categories?post=101567"},{"taxonomy":"post_tag","embeddable":true,"href":"https:\/\/nvnoticias.mx\/index.php\/wp-json\/wp\/v2\/tags?post=101567"}],"curies":[{"name":"wp","href":"https:\/\/api.w.org\/{rel}","templated":true}]}}