{"id":101564,"date":"2023-04-02T15:40:00","date_gmt":"2023-04-02T20:40:00","guid":{"rendered":"https:\/\/nvnoticias.mx\/?p=101564"},"modified":"2023-04-02T19:18:16","modified_gmt":"2023-04-03T00:18:16","slug":"morena-no-protegera-a-presuntos-responsables","status":"publish","type":"post","link":"https:\/\/nvnoticias.mx\/index.php\/2023\/04\/02\/morena-no-protegera-a-presuntos-responsables\/","title":{"rendered":"Morena no proteger\u00e1 a presuntos responsables"},"content":{"rendered":"\n<p><strong>Jes\u00fas Utrilla \/ NV Noticias<\/strong><\/p>\n\n\n\n<p>Morena no proteger\u00e1 a presuntos responsables y esperar\u00e1 el desahogo de investigaciones sobre las denuncias en contra del regidor de Morena del Ayuntamiento de Veracruz, Sebasti\u00e1n \u201cN\u201d. <\/p>\n\n\n\n<p>El dirigente estatal del partido, Esteban Ram\u00edrez Zepeta, se\u00f1al\u00f3 que la Fiscal\u00eda General del Estado deber\u00e1 determinar, mientras el partido se mantendr\u00e1 al margen sin proteger al militante. <\/p>\n\n\n\n<p>Ser\u00e1 con base a los resultados de las investigaciones que se adopte una postura sobre el caso. <\/p>\n\n\n\n<blockquote class=\"wp-block-quote is-layout-flow wp-block-quote-is-layout-flow\"><p><em>\u201cNosotros no protegemos a compa\u00f1eros y compa\u00f1eras que puedan ser presuntos culpables en alguna cuesti\u00f3n, de cualquier \u00edndole. Son compa\u00f1eros, pero vamos a ser respetuoso de los procesos legales y de las investigaciones de las \u00e1reas competentes en este caso vamos a esperar que se tenga una resoluci\u00f3n<\/em>\u201d.<\/p><\/blockquote>\n\n\n\n<p>Aunque no descart\u00f3 que la oposici\u00f3n se encuentre atr\u00e1s de las acusaciones, reiter\u00f3 que el organismo ser\u00e1 respetuoso ante las investigaciones. <\/p>\n\n\n\n<p>Lament\u00f3 la situaci\u00f3n y pidi\u00f3 que el caso se lleve a cabo de una manera transparente sin trasfondo pol\u00edtico, pues al final se trata de obtener justicia. <\/p>\n\n\n\n<blockquote class=\"wp-block-quote is-layout-flow wp-block-quote-is-layout-flow\"><p>\u201c<em>Lo que s\u00ed pedimos a la Fiscal\u00eda es que se lleve la investigaci\u00f3n de la manera m\u00e1s responsable, sin que se politice, que no se empiece a golpear a personas del movimiento por esta raz\u00f3n y que se salvaguarde la integridad de las personas que hicieron las denuncias y no nos hagamos tontos la oposici\u00f3n est\u00e1 detr\u00e1s de todo esto porque es un militante de Morena<\/em>\u201d.<\/p><\/blockquote>\n\n\n\n<p>Describi\u00f3 al edil Sebasti\u00e1n \u201cN\u201d como un joven activo, quien lleva varios a\u00f1os militando en Morena y en ese sentido confi\u00f3 que pronto se esclarezca todo sobre \u00e9l.<\/p>\n","protected":false},"excerpt":{"rendered":"<p>Jes\u00fas Utrilla \/ NV Noticias Morena no proteger\u00e1 a presuntos responsables y esperar\u00e1 el desahogo de investigaciones sobre las denuncias en contra del regidor de Morena del Ayuntamiento de Veracruz, Sebasti\u00e1n \u201cN\u201d. El dirigente estatal del partido, Esteban Ram\u00edrez Zepeta, se\u00f1al\u00f3 que la Fiscal\u00eda General del Estado deber\u00e1 determinar, mientras el partido se mantendr\u00e1 al [&hellip;]<\/p>\n","protected":false},"author":8,"featured_media":101565,"comment_status":"open","ping_status":"open","sticky":false,"template":"","format":"standard","meta":{"_monsterinsights_skip_tracking":false,"_monsterinsights_sitenote_active":false,"_monsterinsights_sitenote_note":"","_monsterinsights_sitenote_category":0,"footnotes":""},"categories":[154],"tags":[988,252],"class_list":["post-101564","post","type-post","status-publish","format-standard","has-post-thumbnail","hentry","category-veracruz","tag-esteban-ramirez-zepeta","tag-morena","wp-image-borders"],"amp_enabled":true,"_links":{"self":[{"href":"https:\/\/nvnoticias.mx\/index.php\/wp-json\/wp\/v2\/posts\/101564","targetHints":{"allow":["GET"]}}],"collection":[{"href":"https:\/\/nvnoticias.mx\/index.php\/wp-json\/wp\/v2\/posts"}],"about":[{"href":"https:\/\/nvnoticias.mx\/index.php\/wp-json\/wp\/v2\/types\/post"}],"author":[{"embeddable":true,"href":"https:\/\/nvnoticias.mx\/index.php\/wp-json\/wp\/v2\/users\/8"}],"replies":[{"embeddable":true,"href":"https:\/\/nvnoticias.mx\/index.php\/wp-json\/wp\/v2\/comments?post=101564"}],"version-history":[{"count":1,"href":"https:\/\/nvnoticias.mx\/index.php\/wp-json\/wp\/v2\/posts\/101564\/revisions"}],"predecessor-version":[{"id":101566,"href":"https:\/\/nvnoticias.mx\/index.php\/wp-json\/wp\/v2\/posts\/101564\/revisions\/101566"}],"wp:featuredmedia":[{"embeddable":true,"href":"https:\/\/nvnoticias.mx\/index.php\/wp-json\/wp\/v2\/media\/101565"}],"wp:attachment":[{"href":"https:\/\/nvnoticias.mx\/index.php\/wp-json\/wp\/v2\/media?parent=101564"}],"wp:term":[{"taxonomy":"category","embeddable":true,"href":"https:\/\/nvnoticias.mx\/index.php\/wp-json\/wp\/v2\/categories?post=101564"},{"taxonomy":"post_tag","embeddable":true,"href":"https:\/\/nvnoticias.mx\/index.php\/wp-json\/wp\/v2\/tags?post=101564"}],"curies":[{"name":"wp","href":"https:\/\/api.w.org\/{rel}","templated":true}]}}