{"id":101554,"date":"2023-04-02T14:30:00","date_gmt":"2023-04-02T19:30:00","guid":{"rendered":"https:\/\/nvnoticias.mx\/?p=101554"},"modified":"2023-04-02T19:49:59","modified_gmt":"2023-04-03T00:49:59","slug":"festejan-el-domingo-de-ramos-obispo-pide-mejor-trato-hacia-el-migrante","status":"publish","type":"post","link":"https:\/\/nvnoticias.mx\/index.php\/2023\/04\/02\/festejan-el-domingo-de-ramos-obispo-pide-mejor-trato-hacia-el-migrante\/","title":{"rendered":"Festejan el Domingo de Ramos; obispo pide mejor trato hacia el migrante"},"content":{"rendered":"\n<p><strong>Jes\u00fas Utrilla \/ NV Noticias<\/strong><\/p>\n\n\n\n<p>Feligreses acudieron a festejar el Domingo de Ramos a la Catedral de Veracruz. Obispo de la Di\u00f3cesis de Veracruz, Carlos Brise\u00f1o Arch, encabez\u00f3 la misa. <\/p>\n\n\n\n<p>Aprovech\u00f3 para manifestar su consternaci\u00f3n por la muerte de 39 migrantes en el incendio de Ciudad Ju\u00e1rez y pidi\u00f3 que se haga justicia para estas v\u00edctimas. <\/p>\n\n\n\n<blockquote class=\"wp-block-quote is-layout-flow wp-block-quote-is-layout-flow\"><p>\u201c<em>Ojal\u00e1 que los que son responsables asuman su propia responsabilidad, una de las cosas que aprendemos en la fe es a reconocer a nuestros pecados, y cuando uno es capaz de reconocer lo que ha hecho mal pues es capaz de corregirse si uno nunca reconoce lo que ha hecho mal, nunca se va a corregir<\/em>\u201d.<\/p><\/blockquote>\n\n\n\n<p>Pidi\u00f3 que las autoridades brinden una atenci\u00f3n m\u00e1s humanitaria al migrante pues record\u00f3 que estos \u00faltimos tienen los mismos derechos que nosotros. <\/p>\n\n\n\n<p>Como lo marca la tradici\u00f3n cat\u00f3lica, feligreses participaron en la tradicional bendici\u00f3n de palmitas. <\/p>\n\n\n\n<p>Los creyentes realizaron la procesi\u00f3n y caminaron por Zamora para incorporarse sobre la avenida Independencia y entrar por la puerta principal de la Catedral de Veracruz.<\/p>\n","protected":false},"excerpt":{"rendered":"<p>Jes\u00fas Utrilla \/ NV Noticias Feligreses acudieron a festejar el Domingo de Ramos a la Catedral de Veracruz. Obispo de la Di\u00f3cesis de Veracruz, Carlos Brise\u00f1o Arch, encabez\u00f3 la misa. Aprovech\u00f3 para manifestar su consternaci\u00f3n por la muerte de 39 migrantes en el incendio de Ciudad Ju\u00e1rez y pidi\u00f3 que se haga justicia para estas [&hellip;]<\/p>\n","protected":false},"author":8,"featured_media":101555,"comment_status":"open","ping_status":"open","sticky":false,"template":"","format":"standard","meta":{"_monsterinsights_skip_tracking":false,"_monsterinsights_sitenote_active":false,"_monsterinsights_sitenote_note":"","_monsterinsights_sitenote_category":0,"footnotes":""},"categories":[154],"tags":[1833,24326,731,162],"class_list":["post-101554","post","type-post","status-publish","format-standard","has-post-thumbnail","hentry","category-veracruz","tag-carlos-briseno-arch","tag-domingo-de-ramos","tag-obispo","tag-portada","wp-image-borders"],"amp_enabled":true,"_links":{"self":[{"href":"https:\/\/nvnoticias.mx\/index.php\/wp-json\/wp\/v2\/posts\/101554","targetHints":{"allow":["GET"]}}],"collection":[{"href":"https:\/\/nvnoticias.mx\/index.php\/wp-json\/wp\/v2\/posts"}],"about":[{"href":"https:\/\/nvnoticias.mx\/index.php\/wp-json\/wp\/v2\/types\/post"}],"author":[{"embeddable":true,"href":"https:\/\/nvnoticias.mx\/index.php\/wp-json\/wp\/v2\/users\/8"}],"replies":[{"embeddable":true,"href":"https:\/\/nvnoticias.mx\/index.php\/wp-json\/wp\/v2\/comments?post=101554"}],"version-history":[{"count":1,"href":"https:\/\/nvnoticias.mx\/index.php\/wp-json\/wp\/v2\/posts\/101554\/revisions"}],"predecessor-version":[{"id":101556,"href":"https:\/\/nvnoticias.mx\/index.php\/wp-json\/wp\/v2\/posts\/101554\/revisions\/101556"}],"wp:featuredmedia":[{"embeddable":true,"href":"https:\/\/nvnoticias.mx\/index.php\/wp-json\/wp\/v2\/media\/101555"}],"wp:attachment":[{"href":"https:\/\/nvnoticias.mx\/index.php\/wp-json\/wp\/v2\/media?parent=101554"}],"wp:term":[{"taxonomy":"category","embeddable":true,"href":"https:\/\/nvnoticias.mx\/index.php\/wp-json\/wp\/v2\/categories?post=101554"},{"taxonomy":"post_tag","embeddable":true,"href":"https:\/\/nvnoticias.mx\/index.php\/wp-json\/wp\/v2\/tags?post=101554"}],"curies":[{"name":"wp","href":"https:\/\/api.w.org\/{rel}","templated":true}]}}