{"id":101547,"date":"2023-04-02T10:15:24","date_gmt":"2023-04-02T15:15:24","guid":{"rendered":"https:\/\/nvnoticias.mx\/?p=101547"},"modified":"2023-04-02T10:15:26","modified_gmt":"2023-04-02T15:15:26","slug":"lorenzo-cordova-y-edmundo-jacobo-podrian-ser-investigados-por-irregularidades-adan-augusto","status":"publish","type":"post","link":"https:\/\/nvnoticias.mx\/index.php\/2023\/04\/02\/lorenzo-cordova-y-edmundo-jacobo-podrian-ser-investigados-por-irregularidades-adan-augusto\/","title":{"rendered":"Lorenzo C\u00f3rdova y Edmundo Jacobo podr\u00edan ser investigados por irregularidades: Ad\u00e1n Augusto"},"content":{"rendered":"\n<p>El secretario de Gobernaci\u00f3n,\u00a0Ad\u00e1n Augusto, afirm\u00f3 que con el fin del periodo de\u00a0Lorenzo C\u00f3rdova\u00a0\u201ctermina una etapa negra en el INE\u201d y perfil\u00f3 que el ex presidente del instituto y el ex secretario ejecutivo,\u00a0Edmundo Jacobo Molina, podr\u00eda ser sujetos de investigaci\u00f3n por supuestas irregularidades.<\/p>\n\n\n\n<p>En entrevista en Tabasco, luego de inaugurar el\u00a0Estadio de Beisbol Centenario\u00a0en Tabasco, fue cuestionado sobre la nueva etapa del INE y expuso que \u201cya aparecer\u00e1n seguramente algunas series de irregularidades, nos han comentado cometidas por el se\u00f1or Jacobo\u201d.<\/p>\n\n\n\n<p>Cuestionado sobre un supuesto carpetazo por parte del ahora ya expresidente del INE a investigaciones sobre irregularidades electorales cometidas por Enrique Pe\u00f1a Nieto, dijo que por muy \u201cLorenzo C\u00f3rdova que sea no tiene facultades de ministerio p\u00fablico. Entonces habr\u00e1 que revisar qu\u00e9 fue lo que fallaron\u201d.<\/p>\n\n\n\n<blockquote class=\"wp-block-quote is-layout-flow wp-block-quote-is-layout-flow\"><p>\u201c<em>Como todos los servidores p\u00fablicos que estamos sujetos a escrutinio, podemos ser investigados por posibles responsabilidades<\/em>\u201d, pero aclar\u00f3 que el gobierno federal no tiene facultades de investigador, fiscal o ministerio p\u00fablico por lo que corresponder\u00e1 a las instancias responsables.<\/p><\/blockquote>\n\n\n\n<p>Defendi\u00f3 el proceso y a los nuevos consejeros del INE en especial a Jorge Monta\u00f1o, quien dijo es un tabasque\u00f1o de reconocida trayectoria y conocedor del derecho electoral.<\/p>\n\n\n\n<p>Cuestionado sobre el fin de periodo de Lorenzo C\u00f3rdova como presidente del INE, dijo que \u201ctermina una etapa negra en el Instituto Nacional Electoral\u201d y el lunes iniciar\u00e1 una nueva etapa con la nueva presidenta y los tres nuevos consejeros.<\/p>\n\n\n\n<p>Anunci\u00f3 un primer encuentro con el Consejo General del INE, los gobernadores de Coahuila y el estado de M\u00e9xico, la titular de Seguridad P\u00fablica, Rosa Icela Rodr\u00edguez y \u00e9l mismo para instalar un comit\u00e9 intersecretarial que acompa\u00f1ado de la Fiscal\u00eda para Atenci\u00f3n de los Delitos Electorales se garantice que los comicios \u201cse lleven en santa paz\u201d.<\/p>\n\n\n\n<p>Dijo que ser\u00e1 un evento \u201cin\u00e9dito porque nunca convocaban al cuerpo colegiado en pleno, el consejo general del INE es un cuerpo colegiado y sin embargo, pareciera que solamente el presidente, en ese momento, Lorenzo C\u00f3rdova acompa\u00f1ado de su testaferro y mozo, Edmundo Jacobo, secretario ejecutivo, pues eran los \u00fanicos que representaban al instituto\u201d.<\/p>\n\n\n\n<p>Un poco antes, durante la inauguraci\u00f3n del estadio Centenario, apunt\u00f3: &#8220;Vamos a ser campeones en el 2024 y va a continuar la transformaci\u00f3n\u201d.<\/p>\n\n\n\n<p>Fuente: <a href=\"https:\/\/www.eluniversal.com.mx\/nacion\/lorenzo-cordova-y-edmundo-jacobo-podrian-ser-investigados-por-irregularidades-adan-augusto\/\">El Universal<\/a><\/p>\n","protected":false},"excerpt":{"rendered":"<p>El secretario de Gobernaci\u00f3n,\u00a0Ad\u00e1n Augusto, afirm\u00f3 que con el fin del periodo de\u00a0Lorenzo C\u00f3rdova\u00a0\u201ctermina una etapa negra en el INE\u201d y perfil\u00f3 que el ex presidente del instituto y el ex secretario ejecutivo,\u00a0Edmundo Jacobo Molina, podr\u00eda ser sujetos de investigaci\u00f3n por supuestas irregularidades. En entrevista en Tabasco, luego de inaugurar el\u00a0Estadio de Beisbol Centenario\u00a0en Tabasco, [&hellip;]<\/p>\n","protected":false},"author":8,"featured_media":101548,"comment_status":"open","ping_status":"open","sticky":false,"template":"","format":"standard","meta":{"_monsterinsights_skip_tracking":false,"_monsterinsights_sitenote_active":false,"_monsterinsights_sitenote_note":"","_monsterinsights_sitenote_category":0,"footnotes":""},"categories":[158],"tags":[16465,23537,1609,162],"class_list":["post-101547","post","type-post","status-publish","format-standard","has-post-thumbnail","hentry","category-politica","tag-adan-augusto-lopez","tag-edmundo-jacobo","tag-lorenzo-cordova","tag-portada","wp-image-borders"],"amp_enabled":true,"_links":{"self":[{"href":"https:\/\/nvnoticias.mx\/index.php\/wp-json\/wp\/v2\/posts\/101547","targetHints":{"allow":["GET"]}}],"collection":[{"href":"https:\/\/nvnoticias.mx\/index.php\/wp-json\/wp\/v2\/posts"}],"about":[{"href":"https:\/\/nvnoticias.mx\/index.php\/wp-json\/wp\/v2\/types\/post"}],"author":[{"embeddable":true,"href":"https:\/\/nvnoticias.mx\/index.php\/wp-json\/wp\/v2\/users\/8"}],"replies":[{"embeddable":true,"href":"https:\/\/nvnoticias.mx\/index.php\/wp-json\/wp\/v2\/comments?post=101547"}],"version-history":[{"count":1,"href":"https:\/\/nvnoticias.mx\/index.php\/wp-json\/wp\/v2\/posts\/101547\/revisions"}],"predecessor-version":[{"id":101549,"href":"https:\/\/nvnoticias.mx\/index.php\/wp-json\/wp\/v2\/posts\/101547\/revisions\/101549"}],"wp:featuredmedia":[{"embeddable":true,"href":"https:\/\/nvnoticias.mx\/index.php\/wp-json\/wp\/v2\/media\/101548"}],"wp:attachment":[{"href":"https:\/\/nvnoticias.mx\/index.php\/wp-json\/wp\/v2\/media?parent=101547"}],"wp:term":[{"taxonomy":"category","embeddable":true,"href":"https:\/\/nvnoticias.mx\/index.php\/wp-json\/wp\/v2\/categories?post=101547"},{"taxonomy":"post_tag","embeddable":true,"href":"https:\/\/nvnoticias.mx\/index.php\/wp-json\/wp\/v2\/tags?post=101547"}],"curies":[{"name":"wp","href":"https:\/\/api.w.org\/{rel}","templated":true}]}}