{"id":101511,"date":"2023-04-01T15:53:51","date_gmt":"2023-04-01T21:53:51","guid":{"rendered":"https:\/\/nvnoticias.mx\/?p=101511"},"modified":"2023-04-01T15:53:53","modified_gmt":"2023-04-01T21:53:53","slug":"critican-a-bad-bunny-por-no-pronunciarse-sobre-el-racismo-en-el-reggaeton","status":"publish","type":"post","link":"https:\/\/nvnoticias.mx\/index.php\/2023\/04\/01\/critican-a-bad-bunny-por-no-pronunciarse-sobre-el-racismo-en-el-reggaeton\/","title":{"rendered":"Critican a Bad Bunny por no pronunciarse sobre el racismo en el reggaet\u00f3n"},"content":{"rendered":"\n<p>Bad Bunny est\u00e1 nuevamente en el ojo del hurac\u00e1n, pues despu\u00e9s de que protagonizara la\u00a0<strong>primera portada\u00a0<\/strong>completamente en espa\u00f1ol de la revista\u00a0<em>Time,<\/em>\u00a0fue criticado por no posicionarse tajantemente al ser cuestionado sobre el racismo en la industria del reggaet\u00f3n.<\/p>\n\n\n\n<p>Y es que durante una larga entrevista para dicho medio, se le pregunt\u00f3 al int\u00e9rprete de \u00e9xitos como&nbsp;<em>Me porto bonito, El Efecto&nbsp;<\/em>o&nbsp;<em>Neverita&nbsp;<\/em>si consideraba que los elementos de raza y color podr\u00edan estar involucrados en determinar qui\u00e9nes tienen mayor \u00e9xito en el g\u00e9nero urbano.<\/p>\n\n\n\n<p>Ante esto, el puertorrique\u00f1o fue consistente al asegurar que no pod\u00eda hablar mucho al respecto, pues era un tema que no lo hab\u00eda atravesado personalmente.<\/p>\n\n\n\n<blockquote class=\"wp-block-quote is-layout-flow wp-block-quote-is-layout-flow\"><p>\u201cDentro de mi ignorancia no lo entiendo. Dije que eso no puede ser. No pod\u00eda imaginarlo. No puedo decir que s\u00ed o que no porque no lo vivo. Tampoco he visto con mis propios ojos que s\u00ed, esta persona no se volvi\u00f3 m\u00e1s exitosa debido a su piel, no lo he visto. Ser\u00eda irresponsable de mi parte decir que s\u00ed\u201d, comenz\u00f3 a decir y agreg\u00f3:<\/p><\/blockquote>\n\n\n\n<blockquote class=\"wp-block-quote is-layout-flow wp-block-quote-is-layout-flow\"><p>\u201cPor ejemplo, me preguntaron si Tego Calder\u00f3n, si hubiera sido m\u00e1s grande si no fuera negro. Pero a mis ojos, Tego Calder\u00f3n es el cantante m\u00e1s grande de la industria. \u00bfT\u00fa entiendes? No entend\u00eda cosas sobre la industria que tal vez sean ciertas. Quiz\u00e1s las puertas se cerraron por su piel, quiz\u00e1s alg\u00fan promotor prefiri\u00f3 a un artista m\u00e1s blanco que \u00e9l. Pero esas cosas no las s\u00e9\u201d.<\/p><\/blockquote>\n\n\n\n<p>Despu\u00e9s de que salieron a la luz estas declaraciones del famoso, varios usuarios en redes sociales se mostraron inconformes con su postura respecto al racismo.<\/p>\n\n\n\n<p>Fue en este panorama que una usuaria en&nbsp;<em><strong>TikTo<\/strong><\/em><strong>k<\/strong>&nbsp;identificada como Aquiariahna (@aquariahna) realiz\u00f3 un video mostrando su descontento y este contenido r\u00e1pidamente rebas\u00f3 las 60 mil vistas.<\/p>\n\n\n\n<p>\u201cBad Bunny, que el privilegio no te nuble la empat\u00eda\u201d, coloc\u00f3 en la descripci\u00f3n.<\/p>\n\n\n\n<p>En su clip, la joven record\u00f3 las declaraciones de Bad Bunny y puntualiz\u00f3 que, desde su perspectiva, no le parec\u00eda que una persona con una popularidad como el que tiene dicho artista se limitara a evadir un tema tan trascendental.<\/p>\n\n\n\n<p>\u201cEs una opini\u00f3n completa y<strong>\u00a0absolutamente irresponsable.\u00a0<\/strong>Porque Benito, siendo el artista que es, teniendo el alcance y reconocimiento que tiene y siendo uno de los primeros representantes del \u2018somos latinos\u2019, \u2018somos jabaos\u2019 \u2018todos somos una mezcla\u2019 no puede o debe salir con ese tipo de cosas\u201d, remarc\u00f3.<\/p>\n\n\n\n<p>Fuente: <a href=\"https:\/\/www.infobae.com\/entretenimiento\/2023\/04\/01\/bad-bunny-fue-criticado-por-no-pronunciarse-sobre-el-racismo-en-el-reggaeton-que-el-privilegio-no-nuble-tu-empatia\/\" data-type=\"URL\" data-id=\"https:\/\/www.infobae.com\/entretenimiento\/2023\/04\/01\/bad-bunny-fue-criticado-por-no-pronunciarse-sobre-el-racismo-en-el-reggaeton-que-el-privilegio-no-nuble-tu-empatia\/\">Infobae<\/a><\/p>\n","protected":false},"excerpt":{"rendered":"<p>Bad Bunny est\u00e1 nuevamente en el ojo del hurac\u00e1n, pues despu\u00e9s de que protagonizara la\u00a0primera portada\u00a0completamente en espa\u00f1ol de la revista\u00a0Time,\u00a0fue criticado por no posicionarse tajantemente al ser cuestionado sobre el racismo en la industria del reggaet\u00f3n. Y es que durante una larga entrevista para dicho medio, se le pregunt\u00f3 al int\u00e9rprete de \u00e9xitos como&nbsp;Me [&hellip;]<\/p>\n","protected":false},"author":35,"featured_media":101031,"comment_status":"open","ping_status":"open","sticky":false,"template":"","format":"standard","meta":{"_monsterinsights_skip_tracking":false,"_monsterinsights_sitenote_active":false,"_monsterinsights_sitenote_note":"","_monsterinsights_sitenote_category":0,"footnotes":""},"categories":[576],"tags":[6213,8833,23379,2632,24321],"class_list":["post-101511","post","type-post","status-publish","format-standard","has-post-thumbnail","hentry","category-ocio","tag-bad-bunny","tag-critican","tag-pronunciarse","tag-racismo","tag-reggaeton","wp-image-borders"],"amp_enabled":true,"_links":{"self":[{"href":"https:\/\/nvnoticias.mx\/index.php\/wp-json\/wp\/v2\/posts\/101511","targetHints":{"allow":["GET"]}}],"collection":[{"href":"https:\/\/nvnoticias.mx\/index.php\/wp-json\/wp\/v2\/posts"}],"about":[{"href":"https:\/\/nvnoticias.mx\/index.php\/wp-json\/wp\/v2\/types\/post"}],"author":[{"embeddable":true,"href":"https:\/\/nvnoticias.mx\/index.php\/wp-json\/wp\/v2\/users\/35"}],"replies":[{"embeddable":true,"href":"https:\/\/nvnoticias.mx\/index.php\/wp-json\/wp\/v2\/comments?post=101511"}],"version-history":[{"count":1,"href":"https:\/\/nvnoticias.mx\/index.php\/wp-json\/wp\/v2\/posts\/101511\/revisions"}],"predecessor-version":[{"id":101512,"href":"https:\/\/nvnoticias.mx\/index.php\/wp-json\/wp\/v2\/posts\/101511\/revisions\/101512"}],"wp:featuredmedia":[{"embeddable":true,"href":"https:\/\/nvnoticias.mx\/index.php\/wp-json\/wp\/v2\/media\/101031"}],"wp:attachment":[{"href":"https:\/\/nvnoticias.mx\/index.php\/wp-json\/wp\/v2\/media?parent=101511"}],"wp:term":[{"taxonomy":"category","embeddable":true,"href":"https:\/\/nvnoticias.mx\/index.php\/wp-json\/wp\/v2\/categories?post=101511"},{"taxonomy":"post_tag","embeddable":true,"href":"https:\/\/nvnoticias.mx\/index.php\/wp-json\/wp\/v2\/tags?post=101511"}],"curies":[{"name":"wp","href":"https:\/\/api.w.org\/{rel}","templated":true}]}}