{"id":101504,"date":"2023-04-01T15:31:54","date_gmt":"2023-04-01T21:31:54","guid":{"rendered":"https:\/\/nvnoticias.mx\/?p=101504"},"modified":"2023-04-01T15:31:56","modified_gmt":"2023-04-01T21:31:56","slug":"refrenda-enrique-santos-compromiso-con-el-sindicalismo-veracruzano","status":"publish","type":"post","link":"https:\/\/nvnoticias.mx\/index.php\/2023\/04\/01\/refrenda-enrique-santos-compromiso-con-el-sindicalismo-veracruzano\/","title":{"rendered":"Refrenda Enrique Santos compromiso con el sindicalismo veracruzano"},"content":{"rendered":"\n<p><strong>Jes\u00fas Utrilla | NV Noticias<\/strong> <\/p>\n\n\n\n<p>El dirigente estatal de la Confederaci\u00f3n Aut\u00f3noma de Trabajadores y Empleados de M\u00e9xico, \u00a0Juan Enrique Santos Mendoza recibi\u00f3 dos importantes certificaciones por parte de la Secretar\u00eda de Educaci\u00f3n P\u00fablica luego de que \u00a0con el apoyo y reconocimiento del senador Pedro Haces, el l\u00edder sindical veracruzano se destac\u00f3 en los Est\u00e1ndares de Competencia &#8220;Presentaci\u00f3n de Servicios de representaci\u00f3n y apoyo del sindicalismo responsable a los trabajadores&#8221; y &#8220;representaci\u00f3n de afiliados en su relaci\u00f3n con el patr\u00f3n&#8221;.<\/p>\n\n\n\n<p>En un breve discurso, el l\u00edder sindical dejo en claro que la lucha por los derechos laborales de los trabajadores de Veracruz debe seguir fortaleci\u00e9ndose, y que se compromete a impulsar un sindicalismo justo, transparente y centrado en los trabajadores, ello a la par de que comparti\u00f3 las ense\u00f1anzas que su abuelo le dej\u00f3, y c\u00f3mo su amor por lo que hace lo ha llevado a seguir adelante, incluso en las situaciones m\u00e1s adversas.<\/p>\n\n\n\n<p>El evento fue presenciado por hom\u00f3logos l\u00edderes de la organizaci\u00f3n sindical m\u00e1s grande de M\u00e9xico de los dem\u00e1s 31 estados, quienes aplaudieron la dedicaci\u00f3n y compromiso del l\u00edder sindical veracruzano. Este es un gran logro que no solo beneficia al l\u00edder sindical, sino que tambi\u00e9n demuestra el esfuerzo y compromiso de todos aquellos que luchan por un sindicalismo justo y transparente en M\u00e9xico.<\/p>\n\n\n\n<p>En su oportunidad, el senador de la Rep\u00fablica Pedro Haces Barba, reconoci\u00f3 el compromiso de Enrique Santos Mendoza al asegurar que un pa\u00eds donde el sindicalismo ha sido a menudo criticado por su opacidad y falta de transparencia, destaca el inter\u00e9s del l\u00edder veracruzano en la importancia de la capacitaci\u00f3n y el compromiso con los derechos laborales de los trabajadores.<\/p>\n","protected":false},"excerpt":{"rendered":"<p>Jes\u00fas Utrilla | NV Noticias El dirigente estatal de la Confederaci\u00f3n Aut\u00f3noma de Trabajadores y Empleados de M\u00e9xico, \u00a0Juan Enrique Santos Mendoza recibi\u00f3 dos importantes certificaciones por parte de la Secretar\u00eda de Educaci\u00f3n P\u00fablica luego de que \u00a0con el apoyo y reconocimiento del senador Pedro Haces, el l\u00edder sindical veracruzano se destac\u00f3 en los Est\u00e1ndares [&hellip;]<\/p>\n","protected":false},"author":35,"featured_media":101505,"comment_status":"open","ping_status":"open","sticky":false,"template":"","format":"standard","meta":{"_monsterinsights_skip_tracking":false,"_monsterinsights_sitenote_active":false,"_monsterinsights_sitenote_note":"","_monsterinsights_sitenote_category":0,"footnotes":""},"categories":[154],"tags":[3868,23290,13873,24318],"class_list":["post-101504","post","type-post","status-publish","format-standard","has-post-thumbnail","hentry","category-veracruz","tag-compromiso","tag-enrique-santos","tag-refrenda","tag-sindicalismo","wp-image-borders"],"amp_enabled":true,"_links":{"self":[{"href":"https:\/\/nvnoticias.mx\/index.php\/wp-json\/wp\/v2\/posts\/101504","targetHints":{"allow":["GET"]}}],"collection":[{"href":"https:\/\/nvnoticias.mx\/index.php\/wp-json\/wp\/v2\/posts"}],"about":[{"href":"https:\/\/nvnoticias.mx\/index.php\/wp-json\/wp\/v2\/types\/post"}],"author":[{"embeddable":true,"href":"https:\/\/nvnoticias.mx\/index.php\/wp-json\/wp\/v2\/users\/35"}],"replies":[{"embeddable":true,"href":"https:\/\/nvnoticias.mx\/index.php\/wp-json\/wp\/v2\/comments?post=101504"}],"version-history":[{"count":1,"href":"https:\/\/nvnoticias.mx\/index.php\/wp-json\/wp\/v2\/posts\/101504\/revisions"}],"predecessor-version":[{"id":101506,"href":"https:\/\/nvnoticias.mx\/index.php\/wp-json\/wp\/v2\/posts\/101504\/revisions\/101506"}],"wp:featuredmedia":[{"embeddable":true,"href":"https:\/\/nvnoticias.mx\/index.php\/wp-json\/wp\/v2\/media\/101505"}],"wp:attachment":[{"href":"https:\/\/nvnoticias.mx\/index.php\/wp-json\/wp\/v2\/media?parent=101504"}],"wp:term":[{"taxonomy":"category","embeddable":true,"href":"https:\/\/nvnoticias.mx\/index.php\/wp-json\/wp\/v2\/categories?post=101504"},{"taxonomy":"post_tag","embeddable":true,"href":"https:\/\/nvnoticias.mx\/index.php\/wp-json\/wp\/v2\/tags?post=101504"}],"curies":[{"name":"wp","href":"https:\/\/api.w.org\/{rel}","templated":true}]}}