{"id":101462,"date":"2023-04-01T13:48:35","date_gmt":"2023-04-01T19:48:35","guid":{"rendered":"https:\/\/nvnoticias.mx\/?p=101462"},"modified":"2023-04-01T13:48:36","modified_gmt":"2023-04-01T19:48:36","slug":"taxistas-buscan-autorizacion-de-aumento-a-la-tarifa","status":"publish","type":"post","link":"https:\/\/nvnoticias.mx\/index.php\/2023\/04\/01\/taxistas-buscan-autorizacion-de-aumento-a-la-tarifa\/","title":{"rendered":"Taxistas buscan autorizaci\u00f3n de aumento a la tarifa"},"content":{"rendered":"\n<p><strong>Jes\u00fas Utrilla | NV Noticias<\/strong><\/p>\n\n\n\n<p>En la zona conurbada Veracruz- Boca del R\u00edo se detect\u00f3 a 4 mil unidades que prestan el servicio de taxi sin concesi\u00f3n, se\u00f1al\u00f3\u00a0V\u00edctor Gonz\u00e1lez Rivera, presidente del Comit\u00e9 Directivo Estatal del Movimiento Nacional Transportista.<\/p>\n\n\n\n<p>Aunque hay operativos estos no son suficientes por ello pidi\u00f3 que la polic\u00eda cibern\u00e9tica apoye en acciones de inteligencia para detectar y sancionar como establece la ley.<\/p>\n\n\n\n<p>En lo que respecta a los taxistas con concesi\u00f3n dijo que buscan actualizar las tarifas ya que tiene 21 a\u00f1os en que no les permiten incrementar.<\/p>\n\n\n\n<blockquote class=\"wp-block-quote is-layout-flow wp-block-quote-is-layout-flow\"><p>\u201cEstamos en el 2023 y necesitamos que se actualice porque la gasolina no vale lo mismo ni los insumos para las unidades. Los costos de cada unidad incrementaron 150 por ciento de su valor\u201d.<\/p><\/blockquote>\n\n\n\n<p>Afirm\u00f3 que en Xalapa los usuarios acceden a los precios que piden los choferes por traslado y la propuesta es una tarifa m\u00ednima de 35 pesos.<\/p>\n\n\n\n<blockquote class=\"wp-block-quote is-layout-flow wp-block-quote-is-layout-flow\"><p>\u00a0\u201cCon el compromiso de que vamos a mejorar el servicio, el trato hacia el usuario y las unidades. Estamos en un proceso de recuperaci\u00f3n porque vamos saliendo de la pandemia\u201d.<\/p><\/blockquote>\n\n\n\n<p>Record\u00f3 que la mancha urbana ha crecido en varias ciudades del estado por lo que se necesita incrementar la tarifa, pues tambi\u00e9n el tr\u00e1fico es alto.<\/p>\n","protected":false},"excerpt":{"rendered":"<p>Jes\u00fas Utrilla | NV Noticias En la zona conurbada Veracruz- Boca del R\u00edo se detect\u00f3 a 4 mil unidades que prestan el servicio de taxi sin concesi\u00f3n, se\u00f1al\u00f3\u00a0V\u00edctor Gonz\u00e1lez Rivera, presidente del Comit\u00e9 Directivo Estatal del Movimiento Nacional Transportista. Aunque hay operativos estos no son suficientes por ello pidi\u00f3 que la polic\u00eda cibern\u00e9tica apoye en [&hellip;]<\/p>\n","protected":false},"author":35,"featured_media":89041,"comment_status":"open","ping_status":"open","sticky":false,"template":"","format":"standard","meta":{"_monsterinsights_skip_tracking":false,"_monsterinsights_sitenote_active":false,"_monsterinsights_sitenote_note":"","_monsterinsights_sitenote_category":0,"footnotes":""},"categories":[154],"tags":[3109,18533,9156,810,884],"class_list":["post-101462","post","type-post","status-publish","format-standard","has-post-thumbnail","hentry","category-veracruz","tag-aumento","tag-autorizacion","tag-buscan","tag-tarifa","tag-taxistas","wp-image-borders"],"amp_enabled":true,"_links":{"self":[{"href":"https:\/\/nvnoticias.mx\/index.php\/wp-json\/wp\/v2\/posts\/101462","targetHints":{"allow":["GET"]}}],"collection":[{"href":"https:\/\/nvnoticias.mx\/index.php\/wp-json\/wp\/v2\/posts"}],"about":[{"href":"https:\/\/nvnoticias.mx\/index.php\/wp-json\/wp\/v2\/types\/post"}],"author":[{"embeddable":true,"href":"https:\/\/nvnoticias.mx\/index.php\/wp-json\/wp\/v2\/users\/35"}],"replies":[{"embeddable":true,"href":"https:\/\/nvnoticias.mx\/index.php\/wp-json\/wp\/v2\/comments?post=101462"}],"version-history":[{"count":1,"href":"https:\/\/nvnoticias.mx\/index.php\/wp-json\/wp\/v2\/posts\/101462\/revisions"}],"predecessor-version":[{"id":101463,"href":"https:\/\/nvnoticias.mx\/index.php\/wp-json\/wp\/v2\/posts\/101462\/revisions\/101463"}],"wp:featuredmedia":[{"embeddable":true,"href":"https:\/\/nvnoticias.mx\/index.php\/wp-json\/wp\/v2\/media\/89041"}],"wp:attachment":[{"href":"https:\/\/nvnoticias.mx\/index.php\/wp-json\/wp\/v2\/media?parent=101462"}],"wp:term":[{"taxonomy":"category","embeddable":true,"href":"https:\/\/nvnoticias.mx\/index.php\/wp-json\/wp\/v2\/categories?post=101462"},{"taxonomy":"post_tag","embeddable":true,"href":"https:\/\/nvnoticias.mx\/index.php\/wp-json\/wp\/v2\/tags?post=101462"}],"curies":[{"name":"wp","href":"https:\/\/api.w.org\/{rel}","templated":true}]}}