{"id":101392,"date":"2023-03-31T16:54:07","date_gmt":"2023-03-31T22:54:07","guid":{"rendered":"https:\/\/nvnoticias.mx\/?p=101392"},"modified":"2023-03-31T16:54:08","modified_gmt":"2023-03-31T22:54:08","slug":"estalla-principe-harry-contra-la-realeza-por-ocultarle-informacion","status":"publish","type":"post","link":"https:\/\/nvnoticias.mx\/index.php\/2023\/03\/31\/estalla-principe-harry-contra-la-realeza-por-ocultarle-informacion\/","title":{"rendered":"Estalla pr\u00edncipe Harry contra la realeza por ocultarle informaci\u00f3n"},"content":{"rendered":"\n<p>El duque de Sussex no se contuvo en una declaraci\u00f3n de testigo presentada como parte de su caso legal contra Associated Newspapers Ltd, la editorial brit\u00e1nica detr\u00e1s de The Daily Mail y The Mail on Sunday.<\/p>\n\n\n\n<p>En documentos judiciales obtenidos por\u00a0<strong>E! News<\/strong>,\u00a0<strong>Harry<\/strong>\u00a0no solo acus\u00f3 al editor de &#8220;criminalidad&#8221;, por supuestamente obtener su informaci\u00f3n privada a trav\u00e9s de medios ilegales y usarla en noticias, sino que tambi\u00e9n critic\u00f3 a la instituci\u00f3n real.<\/p>\n\n\n\n<blockquote class=\"wp-block-quote is-layout-flow wp-block-quote-is-layout-flow\"><p>&#8220;Despu\u00e9s de la muerte de mi madre en 1997 cuando yo ten\u00eda 12 a\u00f1os y su trato a manos de la prensa, siempre he tenido una relaci\u00f3n inc\u00f3moda con la prensa&#8221;, dijo en referencia a su madre, la princesa Diana, quien fue asesinada. en un accidente automovil\u00edstico mientras evade a los paparazzi. &#8220;Sin embargo, como miembro de la Instituci\u00f3n, la pol\u00edtica era &#8216;nunca quejarse, nunca explicar'&#8221;<\/p><\/blockquote>\n\n\n\n<p>Continu\u00f3: &#8220;No hab\u00eda alternativa; estaba condicionado a aceptarla. En su mayor parte, acept\u00e9 el inter\u00e9s en desempe\u00f1ar mis funciones p\u00fablicas&#8221;.<\/p>\n\n\n\n<p><strong>Harry<\/strong>\u00a0se\u00f1al\u00f3 que estaba &#8220;cada vez m\u00e1s preocupado por el enfoque de no tomar medidas contra la prensa a ra\u00edz de los persistentes ataques, el acoso y los art\u00edculos intrusivos, a veces racistas&#8221; contra Meghan Markle durante los primeros d\u00edas de su relaci\u00f3n.<\/p>\n\n\n\n<p>Y cuando Meghan qued\u00f3 embarazada del hijo de la pareja, el Pr\u00edncipe Archie, en 2018, Harry record\u00f3 que &#8220;la situaci\u00f3n empeor\u00f3&#8221;.<\/p>\n\n\n\n<p>En otra parte de su declaraci\u00f3n, Harry afirm\u00f3 que la instituci\u00f3n real le ocult\u00f3 informaci\u00f3n para evitar que se tomaran medidas legales en medio del esc\u00e1ndalo de pirater\u00eda telef\u00f3nica de News Group Newspapers (NGN) en los primeros a\u00f1os<\/p>\n\n\n\n<p>Harry dijo que, debido a la pol\u00edtica de Palace, no se dio cuenta de que pod\u00eda presentar un reclamo ante los tribunales hasta a\u00f1os despu\u00e9s. &#8220;La Instituci\u00f3n dej\u00f3 en claro que no necesit\u00e1bamos saber nada sobre la pirater\u00eda telef\u00f3nica y me dej\u00f3 en claro que la Familia Real no se sent\u00f3 en el banquillo de los testigos porque eso podr\u00eda abrir una lata de gusanos&#8221;<\/p>\n\n\n\n<blockquote class=\"wp-block-quote is-layout-flow wp-block-quote-is-layout-flow\"><p>&#8220;Sin duda, la Instituci\u00f3n me ocult\u00f3 informaci\u00f3n durante mucho tiempo sobre la pirater\u00eda telef\u00f3nica de NGN y eso solo se ha aclarado en los \u00faltimos a\u00f1os, ya que he presentado mi propio reclamo con diferentes consejos y representaci\u00f3n legal&#8221;.<\/p><\/blockquote>\n\n\n\n<p>El hombre de 38 a\u00f1os dijo que &#8220;la burbuja estall\u00f3&#8221; cuando \u00e9l y Meghan, de 41 a\u00f1os, dejaron sus roles como miembros de la realeza en 2020 y se mudaron a California<\/p>\n\n\n\n<p>Harry est\u00e1 demandando a Associated Newspapers Ltd en el Tribunal Superior de Inglaterra por supuestas pr\u00e1cticas ilegales utilizadas para recopilar informaci\u00f3n, incluidas las escuchas telef\u00f3nicas.<\/p>\n\n\n\n<p>Fuente: <a href=\"https:\/\/www.eonline.com\/mx\/news\/1369998\/el-principe-harry-estalla-contra-la-realeza-por-ocultarle-informacion\" data-type=\"URL\" data-id=\"https:\/\/www.eonline.com\/mx\/news\/1369998\/el-principe-harry-estalla-contra-la-realeza-por-ocultarle-informacion\">E!<\/a><\/p>\n","protected":false},"excerpt":{"rendered":"<p>El duque de Sussex no se contuvo en una declaraci\u00f3n de testigo presentada como parte de su caso legal contra Associated Newspapers Ltd, la editorial brit\u00e1nica detr\u00e1s de The Daily Mail y The Mail on Sunday. En documentos judiciales obtenidos por\u00a0E! News,\u00a0Harry\u00a0no solo acus\u00f3 al editor de &#8220;criminalidad&#8221;, por supuestamente obtener su informaci\u00f3n privada a [&hellip;]<\/p>\n","protected":false},"author":35,"featured_media":94723,"comment_status":"open","ping_status":"open","sticky":false,"template":"","format":"standard","meta":{"_monsterinsights_skip_tracking":false,"_monsterinsights_sitenote_active":false,"_monsterinsights_sitenote_note":"","_monsterinsights_sitenote_category":0,"footnotes":""},"categories":[576],"tags":[5459,9624,4022,24300,1447,1533],"class_list":["post-101392","post","type-post","status-publish","format-standard","has-post-thumbnail","hentry","category-ocio","tag-contra","tag-estalla","tag-informacion","tag-ocultarle","tag-principe-harry","tag-realeza","wp-image-borders"],"amp_enabled":true,"_links":{"self":[{"href":"https:\/\/nvnoticias.mx\/index.php\/wp-json\/wp\/v2\/posts\/101392","targetHints":{"allow":["GET"]}}],"collection":[{"href":"https:\/\/nvnoticias.mx\/index.php\/wp-json\/wp\/v2\/posts"}],"about":[{"href":"https:\/\/nvnoticias.mx\/index.php\/wp-json\/wp\/v2\/types\/post"}],"author":[{"embeddable":true,"href":"https:\/\/nvnoticias.mx\/index.php\/wp-json\/wp\/v2\/users\/35"}],"replies":[{"embeddable":true,"href":"https:\/\/nvnoticias.mx\/index.php\/wp-json\/wp\/v2\/comments?post=101392"}],"version-history":[{"count":1,"href":"https:\/\/nvnoticias.mx\/index.php\/wp-json\/wp\/v2\/posts\/101392\/revisions"}],"predecessor-version":[{"id":101393,"href":"https:\/\/nvnoticias.mx\/index.php\/wp-json\/wp\/v2\/posts\/101392\/revisions\/101393"}],"wp:featuredmedia":[{"embeddable":true,"href":"https:\/\/nvnoticias.mx\/index.php\/wp-json\/wp\/v2\/media\/94723"}],"wp:attachment":[{"href":"https:\/\/nvnoticias.mx\/index.php\/wp-json\/wp\/v2\/media?parent=101392"}],"wp:term":[{"taxonomy":"category","embeddable":true,"href":"https:\/\/nvnoticias.mx\/index.php\/wp-json\/wp\/v2\/categories?post=101392"},{"taxonomy":"post_tag","embeddable":true,"href":"https:\/\/nvnoticias.mx\/index.php\/wp-json\/wp\/v2\/tags?post=101392"}],"curies":[{"name":"wp","href":"https:\/\/api.w.org\/{rel}","templated":true}]}}