{"id":101316,"date":"2023-03-31T12:00:30","date_gmt":"2023-03-31T18:00:30","guid":{"rendered":"https:\/\/nvnoticias.mx\/?p=101316"},"modified":"2023-03-31T12:00:31","modified_gmt":"2023-03-31T18:00:31","slug":"barcelona-confirma-contacto-con-messi-para-que-vuelva","status":"publish","type":"post","link":"https:\/\/nvnoticias.mx\/index.php\/2023\/03\/31\/barcelona-confirma-contacto-con-messi-para-que-vuelva\/","title":{"rendered":"Barcelona confirma contacto con Messi para que vuelva"},"content":{"rendered":"\n<p>El vicepresidente del Futbol Club Barcelona,\u00a0Rafael Yuste, reconoci\u00f3 que se encuentran en contacto con Lionel Messi\u00a0para su posible regreso con el conjunto catal\u00e1n.<\/p>\n\n\n\n<blockquote class=\"wp-block-quote is-layout-flow wp-block-quote-is-layout-flow\"><p>&#8220;<em>Estamos en contacto con Messi y nos encantar\u00eda que volviese<\/em>&#8220;, declar\u00f3 durante la presentaci\u00f3n de un acto institucional del club en la Barca Academy World Cup.<\/p><\/blockquote>\n\n\n\n<p>Agreg\u00f3 que Messi y su familia se encuentran enterados de la situaci\u00f3n. Pese a la salida inesperada del jugador espera que la historia entre \u00e9l y el club termine bien.<\/p>\n\n\n\n<blockquote class=\"wp-block-quote is-layout-flow wp-block-quote-is-layout-flow\"><p>&#8220;<em>Sabe Leo y su familia el afecto que les tenemos. Particip\u00e9 en las negociaciones que en su d\u00eda no llegaron a buen punto, por desgracia, y tengo esa espina clavada. Por supuesto me encantar\u00eda que volviese y seguro que muchos aficionados comparten mis palabras. Creo que las historias en la vida deben acabar bien y por eso tenemos contacto con Messi, por supuesto<\/em>&#8220;, reiter\u00f3.<\/p><\/blockquote>\n\n\n\n<p>Agreg\u00f3 que han tenido conversaciones con el padre de Leo, Jorge Messi y mantienen una buena relaci\u00f3n.<\/p>\n\n\n\n<blockquote class=\"wp-block-quote is-layout-flow wp-block-quote-is-layout-flow\"><p><em>&#8220;Por ahora me es dif\u00edcil hablar de Leo porque no quiero que el PSG interprete mal mis palabras<\/em>&#8220;, concluy\u00f3 el estratega. Hasta ahora se desconoce la opini\u00f3n de Leo y su familia al respecto.<\/p><\/blockquote>\n\n\n\n<p>Fuente: <a href=\"https:\/\/www.tudn.com\/futbol\/la-liga\/barcelona-confirma-mantener-contacto-con-messi-para-vuelva\">TUDN<\/a><\/p>\n","protected":false},"excerpt":{"rendered":"<p>El vicepresidente del Futbol Club Barcelona,\u00a0Rafael Yuste, reconoci\u00f3 que se encuentran en contacto con Lionel Messi\u00a0para su posible regreso con el conjunto catal\u00e1n. &#8220;Estamos en contacto con Messi y nos encantar\u00eda que volviese&#8220;, declar\u00f3 durante la presentaci\u00f3n de un acto institucional del club en la Barca Academy World Cup. Agreg\u00f3 que Messi y su familia [&hellip;]<\/p>\n","protected":false},"author":8,"featured_media":101319,"comment_status":"open","ping_status":"open","sticky":false,"template":"","format":"standard","meta":{"_monsterinsights_skip_tracking":false,"_monsterinsights_sitenote_active":false,"_monsterinsights_sitenote_note":"","_monsterinsights_sitenote_category":0,"footnotes":""},"categories":[159],"tags":[5449,5447],"class_list":["post-101316","post","type-post","status-publish","format-standard","has-post-thumbnail","hentry","category-deportes","tag-fc-barcelona","tag-lionel-messi","wp-image-borders"],"amp_enabled":true,"_links":{"self":[{"href":"https:\/\/nvnoticias.mx\/index.php\/wp-json\/wp\/v2\/posts\/101316","targetHints":{"allow":["GET"]}}],"collection":[{"href":"https:\/\/nvnoticias.mx\/index.php\/wp-json\/wp\/v2\/posts"}],"about":[{"href":"https:\/\/nvnoticias.mx\/index.php\/wp-json\/wp\/v2\/types\/post"}],"author":[{"embeddable":true,"href":"https:\/\/nvnoticias.mx\/index.php\/wp-json\/wp\/v2\/users\/8"}],"replies":[{"embeddable":true,"href":"https:\/\/nvnoticias.mx\/index.php\/wp-json\/wp\/v2\/comments?post=101316"}],"version-history":[{"count":1,"href":"https:\/\/nvnoticias.mx\/index.php\/wp-json\/wp\/v2\/posts\/101316\/revisions"}],"predecessor-version":[{"id":101320,"href":"https:\/\/nvnoticias.mx\/index.php\/wp-json\/wp\/v2\/posts\/101316\/revisions\/101320"}],"wp:featuredmedia":[{"embeddable":true,"href":"https:\/\/nvnoticias.mx\/index.php\/wp-json\/wp\/v2\/media\/101319"}],"wp:attachment":[{"href":"https:\/\/nvnoticias.mx\/index.php\/wp-json\/wp\/v2\/media?parent=101316"}],"wp:term":[{"taxonomy":"category","embeddable":true,"href":"https:\/\/nvnoticias.mx\/index.php\/wp-json\/wp\/v2\/categories?post=101316"},{"taxonomy":"post_tag","embeddable":true,"href":"https:\/\/nvnoticias.mx\/index.php\/wp-json\/wp\/v2\/tags?post=101316"}],"curies":[{"name":"wp","href":"https:\/\/api.w.org\/{rel}","templated":true}]}}