{"id":101299,"date":"2023-03-31T11:29:51","date_gmt":"2023-03-31T17:29:51","guid":{"rendered":"https:\/\/nvnoticias.mx\/?p=101299"},"modified":"2023-03-31T11:30:33","modified_gmt":"2023-03-31T17:30:33","slug":"se-modera-inflacion-en-eu-a-5-en-febrero","status":"publish","type":"post","link":"https:\/\/nvnoticias.mx\/index.php\/2023\/03\/31\/se-modera-inflacion-en-eu-a-5-en-febrero\/","title":{"rendered":"Se modera inflaci\u00f3n en EU a 5% en febrero"},"content":{"rendered":"\n<p>La\u00a0inflaci\u00f3n\u00a0de\u00a0<strong>Estados Unidos<\/strong>\u00a0a 12 meses se moder\u00f3 en febrero, para ubicarse en 5 por ciento, frente a 5.3 por ciento en enero, seg\u00fan el\u00a0<em>\u00edndice PCE<\/em>\u00a0publicado el viernes por el\u00a0<strong>Departamento de Comercio<\/strong>.<\/p>\n\n\n\n<p>Este \u00edndice, el m\u00e1s seguido por la\u00a0Reserva Federal, muestra que en la medici\u00f3n mes a mes el alza de precios tambi\u00e9n se moder\u00f3, a 0.3 por ciento, mejor que 0.4 por ciento que esperaban los analistas seg\u00fan el consenso reunido por\u00a0<em>briefing.com<\/em>.<\/p>\n\n\n\n<p>La&nbsp;<strong>inflaci\u00f3n subyacente<\/strong>, que excluye los precios de alimentaci\u00f3n y energ\u00eda, sigue la misma tendencia, para colocarse en&nbsp;<strong>4.7 por ciento<\/strong>&nbsp;en 12 meses, tambi\u00e9n por debajo de lo esperado.<\/p>\n\n\n\n<p>Los ingresos de las familias avanzaron por su parte 0.5 por ciento, muy por debajo del aumento de enero, en tanto sus gastos crecieron 0.2 por ciento.<\/p>\n\n\n\n<p>El\u00a0<em>\u00edndice PCE<\/em>\u00a0es el preferido por la\u00a0<strong>Fed<\/strong>\u00a0para considerar el aumento de precios, que espera llevar a 2 por ciento en un a\u00f1o, para lo cual ha subido repetidamente sus\u00a0tasas de inter\u00e9s\u00a0de referencia como forma de encarecer el cr\u00e9dito y desalentar as\u00ed el consumo y la inversi\u00f3n.<\/p>\n\n\n\n<p>Fuente: <a href=\"https:\/\/www.milenio.com\/negocios\/inflacion-eu-modera-5-ciento-febrero\" data-type=\"URL\" data-id=\"https:\/\/www.milenio.com\/negocios\/inflacion-eu-modera-5-ciento-febrero\">Milenio<\/a> <\/p>\n","protected":false},"excerpt":{"rendered":"<p>La\u00a0inflaci\u00f3n\u00a0de\u00a0Estados Unidos\u00a0a 12 meses se moder\u00f3 en febrero, para ubicarse en 5 por ciento, frente a 5.3 por ciento en enero, seg\u00fan el\u00a0\u00edndice PCE\u00a0publicado el viernes por el\u00a0Departamento de Comercio. Este \u00edndice, el m\u00e1s seguido por la\u00a0Reserva Federal, muestra que en la medici\u00f3n mes a mes el alza de precios tambi\u00e9n se moder\u00f3, a 0.3 [&hellip;]<\/p>\n","protected":false},"author":35,"featured_media":86800,"comment_status":"open","ping_status":"open","sticky":false,"template":"","format":"standard","meta":{"_monsterinsights_skip_tracking":false,"_monsterinsights_sitenote_active":false,"_monsterinsights_sitenote_note":"","_monsterinsights_sitenote_category":0,"footnotes":""},"categories":[181],"tags":[183,2456,2978,24288],"class_list":["post-101299","post","type-post","status-publish","format-standard","has-post-thumbnail","hentry","category-internacional","tag-estados-unidos","tag-febrero","tag-inflacion","tag-se-modera","wp-image-borders"],"amp_enabled":true,"_links":{"self":[{"href":"https:\/\/nvnoticias.mx\/index.php\/wp-json\/wp\/v2\/posts\/101299","targetHints":{"allow":["GET"]}}],"collection":[{"href":"https:\/\/nvnoticias.mx\/index.php\/wp-json\/wp\/v2\/posts"}],"about":[{"href":"https:\/\/nvnoticias.mx\/index.php\/wp-json\/wp\/v2\/types\/post"}],"author":[{"embeddable":true,"href":"https:\/\/nvnoticias.mx\/index.php\/wp-json\/wp\/v2\/users\/35"}],"replies":[{"embeddable":true,"href":"https:\/\/nvnoticias.mx\/index.php\/wp-json\/wp\/v2\/comments?post=101299"}],"version-history":[{"count":4,"href":"https:\/\/nvnoticias.mx\/index.php\/wp-json\/wp\/v2\/posts\/101299\/revisions"}],"predecessor-version":[{"id":101304,"href":"https:\/\/nvnoticias.mx\/index.php\/wp-json\/wp\/v2\/posts\/101299\/revisions\/101304"}],"wp:featuredmedia":[{"embeddable":true,"href":"https:\/\/nvnoticias.mx\/index.php\/wp-json\/wp\/v2\/media\/86800"}],"wp:attachment":[{"href":"https:\/\/nvnoticias.mx\/index.php\/wp-json\/wp\/v2\/media?parent=101299"}],"wp:term":[{"taxonomy":"category","embeddable":true,"href":"https:\/\/nvnoticias.mx\/index.php\/wp-json\/wp\/v2\/categories?post=101299"},{"taxonomy":"post_tag","embeddable":true,"href":"https:\/\/nvnoticias.mx\/index.php\/wp-json\/wp\/v2\/tags?post=101299"}],"curies":[{"name":"wp","href":"https:\/\/api.w.org\/{rel}","templated":true}]}}