{"id":101262,"date":"2023-03-31T10:24:00","date_gmt":"2023-03-31T16:24:00","guid":{"rendered":"https:\/\/nvnoticias.mx\/?p=101262"},"modified":"2023-03-31T10:24:01","modified_gmt":"2023-03-31T16:24:01","slug":"ayuntamiento-de-veracruz-tendra-gimnasio-al-aire-libre-gratuito-en-la-playa","status":"publish","type":"post","link":"https:\/\/nvnoticias.mx\/index.php\/2023\/03\/31\/ayuntamiento-de-veracruz-tendra-gimnasio-al-aire-libre-gratuito-en-la-playa\/","title":{"rendered":"Ayuntamiento de Veracruz tendr\u00e1 gimnasio al aire libre gratuito en la playa"},"content":{"rendered":"\n<p><strong>Jes\u00fas Utrilla \/ NV Noticias<\/strong><\/p>\n\n\n\n<p>Como parte de las actividades deportivas de la Semana Santa del Ayuntamiento de Veracruz, adem\u00e1s de los eventos de F\u00fatbol y Voleibol playero, as\u00ed como Paddle Surf, se implementar\u00e1 por primera ocasi\u00f3n un gimnasio al aire libre. <\/p>\n\n\n\n<p>El director de Fomento Deportivo, Jos\u00e9 Antonio Salvatori Arjona inform\u00f3 que, por primera ocasi\u00f3n en la entidad veracruzana y quiz\u00e1 en todo el Golfo de M\u00e9xico, se tendr\u00e1 un gimnasio al aire libre, el cual ubicar\u00e1n en la playa Mart\u00ed. <\/p>\n\n\n\n<blockquote class=\"wp-block-quote is-layout-flow wp-block-quote-is-layout-flow\"><p>&#8220;<em>Este a\u00f1o el elemento que estamos agregando, es que vamos a tener el primer gimnasio al aire libre totalmente gratuito. Este gimnasio a diferencia de otros gimnasios, las pesas son totalmente de madera, se podr\u00e1n hacer ejercicios de peso libre, tambi\u00e9n se van a poner unas barras para lo que son fondos, se pondr\u00e1n unos bancos para poder hacer varios ejercicios en lo que se refiere a los temas de gimnasio, este es totalmente gratuito, y estaremos contando con un instructor puesto por la direcci\u00f3n de deporte, el que podr\u00e1 asistir y pondr\u00e1 rutinas a todas las personas que quieran a hacer ejercicio<\/em>&#8220;, destac\u00f3 el funcionario municipal.<\/p><\/blockquote>\n\n\n\n<p>Jos\u00e9 Antonio Salvatori Arjona, agreg\u00f3 que el horario del gimnasio al aire libre ser\u00e1 de 7 de la ma\u00f1ana a 6 de la tarde, y estar\u00e1 totalmente listo a partir del pr\u00f3ximo 3 de abril, hasta finalizar los d\u00edas vacacionales de Semana Santa; aunque aclar\u00f3, podr\u00eda volverse permanente.<\/p>\n\n\n\n<blockquote class=\"wp-block-quote is-layout-flow wp-block-quote-is-layout-flow\"><p>&#8220;<em>La intenci\u00f3n es que si a la gente le gusta y la gente lo utiliza, pues dejarlo, para que agreguemos una actividad deportiva a las ya conocidas dentro de las que tenemos es la direcci\u00f3n del deporte (&#8230;) solamente conozco un gimnasio al aire libre en Tulum, que es similar a este proyecto que estamos realizando, y tambi\u00e9n hay varios gimnasios de este tipo en varias partes del mundo, y no podemos dejar atr\u00e1s al municipio de Veracruz que siga innovando en el tema de deporte&#8221;<\/em>, resalt\u00f3.<\/p><\/blockquote>\n","protected":false},"excerpt":{"rendered":"<p>Jes\u00fas Utrilla \/ NV Noticias Como parte de las actividades deportivas de la Semana Santa del Ayuntamiento de Veracruz, adem\u00e1s de los eventos de F\u00fatbol y Voleibol playero, as\u00ed como Paddle Surf, se implementar\u00e1 por primera ocasi\u00f3n un gimnasio al aire libre. El director de Fomento Deportivo, Jos\u00e9 Antonio Salvatori Arjona inform\u00f3 que, por primera [&hellip;]<\/p>\n","protected":false},"author":8,"featured_media":101265,"comment_status":"open","ping_status":"open","sticky":false,"template":"","format":"standard","meta":{"_monsterinsights_skip_tracking":false,"_monsterinsights_sitenote_active":false,"_monsterinsights_sitenote_note":"","_monsterinsights_sitenote_category":0,"footnotes":""},"categories":[154],"tags":[1184,24285,1892,1474],"class_list":["post-101262","post","type-post","status-publish","format-standard","has-post-thumbnail","hentry","category-veracruz","tag-ayuntamiento-de-veracruz","tag-gimnasio-gratuito","tag-playa","tag-semana-santa","wp-image-borders"],"amp_enabled":true,"_links":{"self":[{"href":"https:\/\/nvnoticias.mx\/index.php\/wp-json\/wp\/v2\/posts\/101262","targetHints":{"allow":["GET"]}}],"collection":[{"href":"https:\/\/nvnoticias.mx\/index.php\/wp-json\/wp\/v2\/posts"}],"about":[{"href":"https:\/\/nvnoticias.mx\/index.php\/wp-json\/wp\/v2\/types\/post"}],"author":[{"embeddable":true,"href":"https:\/\/nvnoticias.mx\/index.php\/wp-json\/wp\/v2\/users\/8"}],"replies":[{"embeddable":true,"href":"https:\/\/nvnoticias.mx\/index.php\/wp-json\/wp\/v2\/comments?post=101262"}],"version-history":[{"count":1,"href":"https:\/\/nvnoticias.mx\/index.php\/wp-json\/wp\/v2\/posts\/101262\/revisions"}],"predecessor-version":[{"id":101266,"href":"https:\/\/nvnoticias.mx\/index.php\/wp-json\/wp\/v2\/posts\/101262\/revisions\/101266"}],"wp:featuredmedia":[{"embeddable":true,"href":"https:\/\/nvnoticias.mx\/index.php\/wp-json\/wp\/v2\/media\/101265"}],"wp:attachment":[{"href":"https:\/\/nvnoticias.mx\/index.php\/wp-json\/wp\/v2\/media?parent=101262"}],"wp:term":[{"taxonomy":"category","embeddable":true,"href":"https:\/\/nvnoticias.mx\/index.php\/wp-json\/wp\/v2\/categories?post=101262"},{"taxonomy":"post_tag","embeddable":true,"href":"https:\/\/nvnoticias.mx\/index.php\/wp-json\/wp\/v2\/tags?post=101262"}],"curies":[{"name":"wp","href":"https:\/\/api.w.org\/{rel}","templated":true}]}}