{"id":101196,"date":"2023-03-30T17:35:00","date_gmt":"2023-03-30T23:35:00","guid":{"rendered":"https:\/\/nvnoticias.mx\/?p=101196"},"modified":"2023-03-30T18:27:47","modified_gmt":"2023-03-31T00:27:47","slug":"trabaja-ayuntamiento-por-el-bienestar-de-las-familias","status":"publish","type":"post","link":"https:\/\/nvnoticias.mx\/index.php\/2023\/03\/30\/trabaja-ayuntamiento-por-el-bienestar-de-las-familias\/","title":{"rendered":"Trabaja Ayuntamiento por el bienestar de las familias"},"content":{"rendered":"\n<p>Xalapa, Ver.- Con el fin de cumplir con el derecho de audiencia, escuchar personalmente las necesidades ciudadanas y generar los esquemas de trabajo para mejorar la calidad de vida de los habitantes de Xalapa, este jueves el presidente municipal Ricardo Ahued Bardahuil atendi\u00f3 a vecinas y vecinos de diversas colonias de la ciudad.<\/p>\n\n\n\n<p>Acompa\u00f1ado por la regidora Martha Valentina Dom\u00ednguez V\u00e1squez y el regidor Daniel Fern\u00e1ndez Carri\u00f3n, el Edil recibi\u00f3 peticiones relacionadas con la gesti\u00f3n de obra p\u00fablica, la mejora de la imagen urbana, alumbrado p\u00fablico, el rescate de espacios deportivos, la rehabilitaci\u00f3n \u00e1reas verdes e infraestructura de agua potable y drenaje, mismas que fueron canalizadas a las \u00e1reas correspondientes para su seguimiento y soluci\u00f3n.<\/p>\n\n\n\n<p>A la reuni\u00f3n de trabajo desarrollada en la Sala de Cabildo, tambi\u00e9n asistieron el director de Participaci\u00f3n Ciudadana, Juan Mar\u00edn Viveros, y un representante de la Direcci\u00f3n de Obras P\u00fablicas.<\/p>\n\n\n\n<figure class=\"wp-block-gallery columns-2 is-cropped wp-block-gallery-1 is-layout-flex wp-block-gallery-is-layout-flex\"><ul class=\"blocks-gallery-grid\"><li class=\"blocks-gallery-item\"><figure><img loading=\"lazy\" decoding=\"async\" width=\"744\" height=\"1024\" src=\"https:\/\/nvnoticias.mx\/wp-content\/uploads\/2023\/03\/WhatsApp-Image-2023-03-30-at-11.55.16-AM-744x1024.jpeg\" alt=\"\" data-id=\"101197\" data-link=\"https:\/\/nvnoticias.mx\/?attachment_id=101197\" class=\"wp-image-101197\" srcset=\"https:\/\/nvnoticias.mx\/wp-content\/uploads\/2023\/03\/WhatsApp-Image-2023-03-30-at-11.55.16-AM-744x1024.jpeg 744w, https:\/\/nvnoticias.mx\/wp-content\/uploads\/2023\/03\/WhatsApp-Image-2023-03-30-at-11.55.16-AM-218x300.jpeg 218w, https:\/\/nvnoticias.mx\/wp-content\/uploads\/2023\/03\/WhatsApp-Image-2023-03-30-at-11.55.16-AM-768x1057.jpeg 768w, https:\/\/nvnoticias.mx\/wp-content\/uploads\/2023\/03\/WhatsApp-Image-2023-03-30-at-11.55.16-AM-1116x1536.jpeg 1116w, https:\/\/nvnoticias.mx\/wp-content\/uploads\/2023\/03\/WhatsApp-Image-2023-03-30-at-11.55.16-AM.jpeg 1162w\" sizes=\"auto, (max-width: 744px) 100vw, 744px\" \/><\/figure><\/li><li class=\"blocks-gallery-item\"><figure><img loading=\"lazy\" decoding=\"async\" width=\"1024\" height=\"659\" src=\"https:\/\/nvnoticias.mx\/wp-content\/uploads\/2023\/03\/WhatsApp-Image-2023-03-30-at-11.55.16-AM-1-1024x659.jpeg\" alt=\"\" data-id=\"101198\" data-full-url=\"https:\/\/nvnoticias.mx\/wp-content\/uploads\/2023\/03\/WhatsApp-Image-2023-03-30-at-11.55.16-AM-1.jpeg\" data-link=\"https:\/\/nvnoticias.mx\/?attachment_id=101198\" class=\"wp-image-101198\" srcset=\"https:\/\/nvnoticias.mx\/wp-content\/uploads\/2023\/03\/WhatsApp-Image-2023-03-30-at-11.55.16-AM-1-1024x659.jpeg 1024w, https:\/\/nvnoticias.mx\/wp-content\/uploads\/2023\/03\/WhatsApp-Image-2023-03-30-at-11.55.16-AM-1-300x193.jpeg 300w, https:\/\/nvnoticias.mx\/wp-content\/uploads\/2023\/03\/WhatsApp-Image-2023-03-30-at-11.55.16-AM-1-768x494.jpeg 768w, https:\/\/nvnoticias.mx\/wp-content\/uploads\/2023\/03\/WhatsApp-Image-2023-03-30-at-11.55.16-AM-1-1536x989.jpeg 1536w, https:\/\/nvnoticias.mx\/wp-content\/uploads\/2023\/03\/WhatsApp-Image-2023-03-30-at-11.55.16-AM-1.jpeg 1600w\" sizes=\"auto, (max-width: 1024px) 100vw, 1024px\" \/><\/figure><\/li><\/ul><\/figure>\n","protected":false},"excerpt":{"rendered":"<p>Xalapa, Ver.- Con el fin de cumplir con el derecho de audiencia, escuchar personalmente las necesidades ciudadanas y generar los esquemas de trabajo para mejorar la calidad de vida de los habitantes de Xalapa, este jueves el presidente municipal Ricardo Ahued Bardahuil atendi\u00f3 a vecinas y vecinos de diversas colonias de la ciudad. Acompa\u00f1ado por [&hellip;]<\/p>\n","protected":false},"author":8,"featured_media":101199,"comment_status":"open","ping_status":"open","sticky":false,"template":"","format":"standard","meta":{"_monsterinsights_skip_tracking":false,"_monsterinsights_sitenote_active":false,"_monsterinsights_sitenote_note":"","_monsterinsights_sitenote_category":0,"footnotes":""},"categories":[156],"tags":[10426,6835,5445],"class_list":["post-101196","post","type-post","status-publish","format-standard","has-post-thumbnail","hentry","category-estado","tag-ayuntamiento-de-xalapa","tag-bienestar","tag-familias","wp-image-borders"],"amp_enabled":true,"_links":{"self":[{"href":"https:\/\/nvnoticias.mx\/index.php\/wp-json\/wp\/v2\/posts\/101196","targetHints":{"allow":["GET"]}}],"collection":[{"href":"https:\/\/nvnoticias.mx\/index.php\/wp-json\/wp\/v2\/posts"}],"about":[{"href":"https:\/\/nvnoticias.mx\/index.php\/wp-json\/wp\/v2\/types\/post"}],"author":[{"embeddable":true,"href":"https:\/\/nvnoticias.mx\/index.php\/wp-json\/wp\/v2\/users\/8"}],"replies":[{"embeddable":true,"href":"https:\/\/nvnoticias.mx\/index.php\/wp-json\/wp\/v2\/comments?post=101196"}],"version-history":[{"count":1,"href":"https:\/\/nvnoticias.mx\/index.php\/wp-json\/wp\/v2\/posts\/101196\/revisions"}],"predecessor-version":[{"id":101200,"href":"https:\/\/nvnoticias.mx\/index.php\/wp-json\/wp\/v2\/posts\/101196\/revisions\/101200"}],"wp:featuredmedia":[{"embeddable":true,"href":"https:\/\/nvnoticias.mx\/index.php\/wp-json\/wp\/v2\/media\/101199"}],"wp:attachment":[{"href":"https:\/\/nvnoticias.mx\/index.php\/wp-json\/wp\/v2\/media?parent=101196"}],"wp:term":[{"taxonomy":"category","embeddable":true,"href":"https:\/\/nvnoticias.mx\/index.php\/wp-json\/wp\/v2\/categories?post=101196"},{"taxonomy":"post_tag","embeddable":true,"href":"https:\/\/nvnoticias.mx\/index.php\/wp-json\/wp\/v2\/tags?post=101196"}],"curies":[{"name":"wp","href":"https:\/\/api.w.org\/{rel}","templated":true}]}}