{"id":101184,"date":"2023-03-30T15:53:07","date_gmt":"2023-03-30T21:53:07","guid":{"rendered":"https:\/\/nvnoticias.mx\/?p=101184"},"modified":"2023-03-30T15:53:08","modified_gmt":"2023-03-30T21:53:08","slug":"fallecimiento-en-el-circo-royal-on-ice-mundo-magico-no-fue-responsabilidad-de-pc","status":"publish","type":"post","link":"https:\/\/nvnoticias.mx\/index.php\/2023\/03\/30\/fallecimiento-en-el-circo-royal-on-ice-mundo-magico-no-fue-responsabilidad-de-pc\/","title":{"rendered":"Fallecimiento en el circo \u2018Royal on ice Mundo M\u00e1gico\u2019, no fue responsabilidad de PC"},"content":{"rendered":"\n<p><strong>Jes\u00fas Utrilla | NV Noticias<\/strong><\/p>\n\n\n\n<p>El fallecimiento del trabajador del circo \u201cRoyal on ice Mundo M\u00e1gico\u201d, que se instal\u00f3 en el estacionamiento de Reino M\u00e1gico, de la ciudad de Veracruz, se debi\u00f3 a riesgos de trabajo y no fallas en protocolos de protecci\u00f3n civil, aclar\u00f3 Alfonso Garc\u00eda Cardona, director de Protecci\u00f3n Civil de Veracruz.<\/p>\n\n\n\n<p>Dijo que se trat\u00f3 de una parte de seguridad industrial donde protecci\u00f3n civil no tiene injerencia directa. Incluso siempre supervisan la instalaci\u00f3n de ese tipo de carpas pero no los trabajos que realizan de limpieza o dem\u00e1s.<\/p>\n\n\n\n<blockquote class=\"wp-block-quote is-layout-flow wp-block-quote-is-layout-flow\"><p>\u201cEs como est\u00e1 instalado la carpa, que tengan programas de emergencia para brindar apoyo a la poblaci\u00f3n en caso de que algo llegara a ocurrir. Es como si nosotros estuvi\u00e9ramos vigilando que los maniobristas trabajen con guantes, eso es seguridad industrial y es el departamento interno de cualquier empresa la que debe vigilar esa parte\u201d.<\/p><\/blockquote>\n\n\n\n<p>Cabe recordar que Jos\u00e9 Marcial &#8220;N&#8221;, de 63 a\u00f1os de edad, perdi\u00f3 la vida por la gravedad de sus heridas. Se encontraba en lo alto de una de las carpas para lavarlas, cuando repentinamente resbal\u00f3 y cay\u00f3 sobre el estacionamiento de concreto desde una altura aproximada de seis metros.<\/p>\n\n\n\n<p>Garc\u00eda Cardona insisti\u00f3 en que las empresas deben garantizar el cumplimiento de la seguridad industrial.<\/p>\n\n\n\n<blockquote class=\"wp-block-quote is-layout-flow wp-block-quote-is-layout-flow\"><p>\u201cEn protecci\u00f3n civil existen corresponsabilidades, la m\u00eda es identificar que tengan programas de emergencia para actuar cuando algo llegara a ocurrir y la responsabilidad del sujeto obligado, en este caso el circo, es llevar a cabo todos esos programas y darles seguimiento\u201d.<\/p><\/blockquote>\n\n\n\n<p>El director de Protecci\u00f3n Civil se\u00f1al\u00f3 que tambi\u00e9n piden medidas de seguridad cuando se realizan obras de teatro o carreras, como la contrataci\u00f3n de una ambulancia, personal de seguridad y m\u00e9dicos. Por su parte el lugar debe tener protocolos internos.<\/p>\n\n\n\n<p>Fuente: <a href=\"https:\/\/www.milenio.com\/politica\/reagendan-comparecencia-javier-navarro-juicio-politico\" data-type=\"URL\" data-id=\"https:\/\/www.milenio.com\/politica\/reagendan-comparecencia-javier-navarro-juicio-politico\">Milenio<\/a><\/p>\n","protected":false},"excerpt":{"rendered":"<p>Jes\u00fas Utrilla | NV Noticias El fallecimiento del trabajador del circo \u201cRoyal on ice Mundo M\u00e1gico\u201d, que se instal\u00f3 en el estacionamiento de Reino M\u00e1gico, de la ciudad de Veracruz, se debi\u00f3 a riesgos de trabajo y no fallas en protocolos de protecci\u00f3n civil, aclar\u00f3 Alfonso Garc\u00eda Cardona, director de Protecci\u00f3n Civil de Veracruz. Dijo [&hellip;]<\/p>\n","protected":false},"author":35,"featured_media":101185,"comment_status":"open","ping_status":"open","sticky":false,"template":"","format":"standard","meta":{"_monsterinsights_skip_tracking":false,"_monsterinsights_sitenote_active":false,"_monsterinsights_sitenote_note":"","_monsterinsights_sitenote_category":0,"footnotes":""},"categories":[154],"tags":[2463,751,24276],"class_list":["post-101184","post","type-post","status-publish","format-standard","has-post-thumbnail","hentry","category-veracruz","tag-circo","tag-fallecimiento","tag-royal-on-ice-mundo-magico","wp-image-borders"],"amp_enabled":true,"_links":{"self":[{"href":"https:\/\/nvnoticias.mx\/index.php\/wp-json\/wp\/v2\/posts\/101184","targetHints":{"allow":["GET"]}}],"collection":[{"href":"https:\/\/nvnoticias.mx\/index.php\/wp-json\/wp\/v2\/posts"}],"about":[{"href":"https:\/\/nvnoticias.mx\/index.php\/wp-json\/wp\/v2\/types\/post"}],"author":[{"embeddable":true,"href":"https:\/\/nvnoticias.mx\/index.php\/wp-json\/wp\/v2\/users\/35"}],"replies":[{"embeddable":true,"href":"https:\/\/nvnoticias.mx\/index.php\/wp-json\/wp\/v2\/comments?post=101184"}],"version-history":[{"count":1,"href":"https:\/\/nvnoticias.mx\/index.php\/wp-json\/wp\/v2\/posts\/101184\/revisions"}],"predecessor-version":[{"id":101186,"href":"https:\/\/nvnoticias.mx\/index.php\/wp-json\/wp\/v2\/posts\/101184\/revisions\/101186"}],"wp:featuredmedia":[{"embeddable":true,"href":"https:\/\/nvnoticias.mx\/index.php\/wp-json\/wp\/v2\/media\/101185"}],"wp:attachment":[{"href":"https:\/\/nvnoticias.mx\/index.php\/wp-json\/wp\/v2\/media?parent=101184"}],"wp:term":[{"taxonomy":"category","embeddable":true,"href":"https:\/\/nvnoticias.mx\/index.php\/wp-json\/wp\/v2\/categories?post=101184"},{"taxonomy":"post_tag","embeddable":true,"href":"https:\/\/nvnoticias.mx\/index.php\/wp-json\/wp\/v2\/tags?post=101184"}],"curies":[{"name":"wp","href":"https:\/\/api.w.org\/{rel}","templated":true}]}}