{"id":101052,"date":"2023-03-30T09:29:16","date_gmt":"2023-03-30T15:29:16","guid":{"rendered":"https:\/\/nvnoticias.mx\/?p=101052"},"modified":"2023-03-30T09:31:02","modified_gmt":"2023-03-30T15:31:02","slug":"anticipan-que-banxico-otra-vez-tendra-un-alza-en-la-tasa","status":"publish","type":"post","link":"https:\/\/nvnoticias.mx\/index.php\/2023\/03\/30\/anticipan-que-banxico-otra-vez-tendra-un-alza-en-la-tasa\/","title":{"rendered":"Anticipan que Banxico otra vez tendr\u00e1 un alza en la tasa"},"content":{"rendered":"\n<p>El mercado espera que el&nbsp;<strong>Banco de M\u00e9xico (Banxico)<\/strong>&nbsp;eleve hoy la&nbsp;<strong>tasa de referencia<\/strong>&nbsp;en 25 puntos base, a 11.25 por ciento, ante la moderaci\u00f3n que muestra la&nbsp;<strong>inflaci\u00f3n anual<\/strong>, con lo que la tasa estar\u00eda a un paso de alcanzar su nivel terminal, estimado en 11.50 por ciento por la mayor\u00eda de los analistas.<\/p>\n\n\n\n<p>Adem\u00e1s, los analistas esperan un tono menos restrictivo en el mensaje del&nbsp;<strong>banco central<\/strong>, y buscar\u00e1n se\u00f1ales de las pr\u00f3ximas acciones de la&nbsp;<strong>autoridad monetaria<\/strong>&nbsp;y de una pausa al ciclo restrictivo.<\/p>\n\n\n\n<p>Luego de que el&nbsp;<strong>\u00edndice de precios<\/strong>&nbsp;repuntara temporalmente en enero a 7.9 por ciento a tasa anual, la&nbsp;<strong>inflaci\u00f3n general<\/strong>&nbsp;retom\u00f3 su&nbsp;<strong>tendencia a la baja&nbsp;<\/strong>en febrero, descendiendo 0.3 puntos porcentuales hasta el 7.6 por ciento, y se moder\u00f3 a\u00fan m\u00e1s en la&nbsp;<strong>primera quincena de marzo<\/strong>&nbsp;hasta el 7.1 por ciento anual.<\/p>\n\n\n\n<p>En entrevista, Alejandro Padilla, economista en jefe de\u00a0<strong>Grupo Financiero Banorte<\/strong>, estim\u00f3 que el\u00a0<strong>banco central<\/strong>\u00a0incrementar\u00e1 25 puntos base su\u00a0<strong>tasa de referencia<\/strong>\u00a0y la llevar\u00e1 a 11.25 por ciento.<\/p>\n\n\n\n<p>A\u00f1adi\u00f3 que \u201cfue clave una frase del \u00faltimo comunicado en donde mencionaban que el<strong>\u00a0incremento de la tasa de referencia<\/strong>\u00a0en la pr\u00f3xima reuni\u00f3n, es decir, la del jueves, podr\u00e1 ser de menor magnitud y eso combinado con una<strong>din\u00e1mica de inflaci\u00f3n<\/strong>\u00a0que ha mostrado cierta mejor\u00eda, especialmente en la\u00a0<strong>inflaci\u00f3n general<\/strong>, podr\u00eda reducir en t\u00e9rminos de monto en la estrategia de subir las\u00a0<strong>tasas de inter\u00e9s<\/strong>\u201d.<\/p>\n\n\n\n<p>Resalt\u00f3 que algunos miembros de la<strong>\u00a0Junta de Gobierno\u00a0<\/strong>advertir\u00e1n que la\u00a0<strong>inflaci\u00f3n subyacente<\/strong>\u00a0sigue mostrando desaf\u00edos importantes y que hacia delante, puedan<strong>\u00a0subir la tasa<\/strong>\u00a0en una o dos ocasiones m\u00e1s y para concluir el\u00a0<strong>ciclo de alzas<\/strong>, mientras que el nivel quedar\u00eda alto por varios meses.<\/p>\n\n\n\n<p>Felipe Hern\u00e1ndez, economista para Latinoam\u00e9rica de\u00a0<em>Bloomberg Economics<\/em>, consider\u00f3 que la\u00a0<strong>inflaci\u00f3n general<\/strong>y la\u00a0<strong>subyacente\u00a0<\/strong>est\u00e1n cayendo. \u201cEst\u00e1n en l\u00ednea con las\u00a0<strong>previsiones del banco central<\/strong>\u00a0y sugieren que las<strong>\u00a0altas tasas de inter\u00e9s\u00a0<\/strong>ya est\u00e1n funcionando. Sin embargo, las\u00a0<strong>expectativas de inflaci\u00f3n<\/strong>\u00a0siguen siendo inc\u00f3modamente altas y respaldan la cautela de las\u00a0<strong>pol\u00edticas<\/strong>\u201d.<\/p>\n\n\n\n<p>Fuente:<a href=\"https:\/\/www.elfinanciero.com.mx\/economia\/2023\/03\/30\/banxico-canta-otra-vez-un-alza-en-la-tasa-y-las-que-faltan-2\/\" data-type=\"URL\" data-id=\"https:\/\/www.elfinanciero.com.mx\/economia\/2023\/03\/30\/banxico-canta-otra-vez-un-alza-en-la-tasa-y-las-que-faltan-2\/\"> El Financiero<\/a> <\/p>\n","protected":false},"excerpt":{"rendered":"<p>El mercado espera que el&nbsp;Banco de M\u00e9xico (Banxico)&nbsp;eleve hoy la&nbsp;tasa de referencia&nbsp;en 25 puntos base, a 11.25 por ciento, ante la moderaci\u00f3n que muestra la&nbsp;inflaci\u00f3n anual, con lo que la tasa estar\u00eda a un paso de alcanzar su nivel terminal, estimado en 11.50 por ciento por la mayor\u00eda de los analistas. Adem\u00e1s, los analistas esperan [&hellip;]<\/p>\n","protected":false},"author":35,"featured_media":86663,"comment_status":"open","ping_status":"open","sticky":false,"template":"","format":"standard","meta":{"_monsterinsights_skip_tracking":false,"_monsterinsights_sitenote_active":false,"_monsterinsights_sitenote_note":"","_monsterinsights_sitenote_category":0,"footnotes":""},"categories":[157],"tags":[7541,16013,2988,162,9975],"class_list":["post-101052","post","type-post","status-publish","format-standard","has-post-thumbnail","hentry","category-nacional","tag-alza","tag-anticipan","tag-banxico","tag-portada","tag-tasas","wp-image-borders"],"amp_enabled":true,"_links":{"self":[{"href":"https:\/\/nvnoticias.mx\/index.php\/wp-json\/wp\/v2\/posts\/101052","targetHints":{"allow":["GET"]}}],"collection":[{"href":"https:\/\/nvnoticias.mx\/index.php\/wp-json\/wp\/v2\/posts"}],"about":[{"href":"https:\/\/nvnoticias.mx\/index.php\/wp-json\/wp\/v2\/types\/post"}],"author":[{"embeddable":true,"href":"https:\/\/nvnoticias.mx\/index.php\/wp-json\/wp\/v2\/users\/35"}],"replies":[{"embeddable":true,"href":"https:\/\/nvnoticias.mx\/index.php\/wp-json\/wp\/v2\/comments?post=101052"}],"version-history":[{"count":4,"href":"https:\/\/nvnoticias.mx\/index.php\/wp-json\/wp\/v2\/posts\/101052\/revisions"}],"predecessor-version":[{"id":101057,"href":"https:\/\/nvnoticias.mx\/index.php\/wp-json\/wp\/v2\/posts\/101052\/revisions\/101057"}],"wp:featuredmedia":[{"embeddable":true,"href":"https:\/\/nvnoticias.mx\/index.php\/wp-json\/wp\/v2\/media\/86663"}],"wp:attachment":[{"href":"https:\/\/nvnoticias.mx\/index.php\/wp-json\/wp\/v2\/media?parent=101052"}],"wp:term":[{"taxonomy":"category","embeddable":true,"href":"https:\/\/nvnoticias.mx\/index.php\/wp-json\/wp\/v2\/categories?post=101052"},{"taxonomy":"post_tag","embeddable":true,"href":"https:\/\/nvnoticias.mx\/index.php\/wp-json\/wp\/v2\/tags?post=101052"}],"curies":[{"name":"wp","href":"https:\/\/api.w.org\/{rel}","templated":true}]}}