{"id":100991,"date":"2023-03-29T14:54:46","date_gmt":"2023-03-29T20:54:46","guid":{"rendered":"https:\/\/nvnoticias.mx\/?p=100991"},"modified":"2023-03-29T14:54:47","modified_gmt":"2023-03-29T20:54:47","slug":"a-edmundo-jacobo-le-falto-caracter-debio-haber-resistido-ricardo-monreal","status":"publish","type":"post","link":"https:\/\/nvnoticias.mx\/index.php\/2023\/03\/29\/a-edmundo-jacobo-le-falto-caracter-debio-haber-resistido-ricardo-monreal\/","title":{"rendered":"A Edmundo Jacobo \u201cle falt\u00f3 car\u00e1cter, debi\u00f3 haber resistido\u201d: Ricardo Monreal"},"content":{"rendered":"\n<p>Tras advertir que la renuncia de\u00a0<strong>Edmundo Jacobo Molina<\/strong>\u00a0al Instituto Nacional Electoral (INE) afectar\u00e1 el funcionamiento del organismo, el coordinador de Morena en el Senado, Ricardo Monreal \u00c1vila, afirm\u00f3 que al secretario ejecutivo le falt\u00f3 car\u00e1cter para aguantar los embates y la presi\u00f3n social.<\/p>\n\n\n\n<blockquote class=\"wp-block-quote is-layout-flow wp-block-quote-is-layout-flow\"><p>\u201cYo creo que debi\u00f3 haber resistido, si ya hab\u00eda ganado el\u00a0<strong>amparo\u00a0<\/strong>y ya hab\u00eda sido reinstalado jurisdiccionalmente. A veces es dif\u00edcil enfrentar los embates de la realidad, pero el car\u00e1cter lo es todo, y yo, desde mi punto de vista, creo que debi\u00f3 resistir. Por su experiencia y por su capacidad debi\u00f3 enfrentar los embates exteriores y lograr que en el \u00f3rgano electoral continuara ejerciendo sus funciones en materia de organizaci\u00f3n de elecciones federales y locales\u201d, se\u00f1al\u00f3.<\/p><\/blockquote>\n\n\n\n<blockquote class=\"wp-block-quote is-layout-flow wp-block-quote-is-layout-flow\"><p>\u201cYo tengo una opini\u00f3n positiva de \u00e9l como servidor p\u00fablico. No voy a hacer le\u00f1a del \u00e1rbol ca\u00eddo, no estoy acostumbrado a eso\u201d, aclar\u00f3.<\/p><\/blockquote>\n\n\n\n<p>Sin embargo, subray\u00f3 que todos los actos de los funcionarios p\u00fablicos tienen un&nbsp;<strong>costo pol\u00edtico<\/strong>. \u201cAlgunos lo resistimos, otros no lo aguantan\u201d.<\/p>\n\n\n\n<p><strong>Monreal \u00c1vila<\/strong>\u00a0dijo que las circunstancias en la vida a veces son dif\u00edciles. \u201cLos\u00a0<strong>embates son cotidianos<\/strong>\u00a0en esta funci\u00f3n p\u00fablica, la adversidad tambi\u00e9n es cotidiana, los golpes bajos, la guerra sucia. Hay quienes resistimos todo, pero hay quienes no tienen car\u00e1cter y prefieren no continuar en la pol\u00e9mica social. Yo tengo una buena opini\u00f3n de \u00e9l, como t\u00e9cnico, y, para m\u00ed, debi\u00f3 de haber resistido\u201d, insisti\u00f3.<\/p>\n\n\n\n<p>El senador morenista subray\u00f3 que la salida de Edmundo Jacobo Molina \u201cpor supuesto\u201d que afecta la operaci\u00f3n del INE. \u201cClaro que afecta, porque se concluye una etapa y se interrumpe todo el proceso de organizaci\u00f3n que \u00e9l ten\u00eda, la direcci\u00f3n. Por supuesto que el cambio tiene que afectar y obviamente tiene, con rapidez el sustituto, que generar las condiciones para poder organizar, de momento las elecciones del Estado de M\u00e9xico y de Coahuila, y al corto y mediano plazo la del 24\u201d, puntualiz\u00f3.<\/p>\n\n\n\n<p>Fuente: <a href=\"https:\/\/www.eluniversal.com.mx\/nacion\/a-edmundo-jacobo-le-falto-caracter-debio-haber-resistido-critica-ricardo-monreal\/\" data-type=\"URL\" data-id=\"https:\/\/www.eluniversal.com.mx\/nacion\/a-edmundo-jacobo-le-falto-caracter-debio-haber-resistido-critica-ricardo-monreal\/\">El Universal<\/a><\/p>\n","protected":false},"excerpt":{"rendered":"<p>Tras advertir que la renuncia de\u00a0Edmundo Jacobo Molina\u00a0al Instituto Nacional Electoral (INE) afectar\u00e1 el funcionamiento del organismo, el coordinador de Morena en el Senado, Ricardo Monreal \u00c1vila, afirm\u00f3 que al secretario ejecutivo le falt\u00f3 car\u00e1cter para aguantar los embates y la presi\u00f3n social. \u201cYo creo que debi\u00f3 haber resistido, si ya hab\u00eda ganado el\u00a0amparo\u00a0y ya [&hellip;]<\/p>\n","protected":false},"author":35,"featured_media":98458,"comment_status":"open","ping_status":"open","sticky":false,"template":"","format":"standard","meta":{"_monsterinsights_skip_tracking":false,"_monsterinsights_sitenote_active":false,"_monsterinsights_sitenote_note":"","_monsterinsights_sitenote_category":0,"footnotes":""},"categories":[158],"tags":[24239,23537,24238,600],"class_list":["post-100991","post","type-post","status-publish","format-standard","has-post-thumbnail","hentry","category-politica","tag-caracter","tag-edmundo-jacobo","tag-resistido","tag-ricardo-monreal","wp-image-borders"],"amp_enabled":true,"_links":{"self":[{"href":"https:\/\/nvnoticias.mx\/index.php\/wp-json\/wp\/v2\/posts\/100991","targetHints":{"allow":["GET"]}}],"collection":[{"href":"https:\/\/nvnoticias.mx\/index.php\/wp-json\/wp\/v2\/posts"}],"about":[{"href":"https:\/\/nvnoticias.mx\/index.php\/wp-json\/wp\/v2\/types\/post"}],"author":[{"embeddable":true,"href":"https:\/\/nvnoticias.mx\/index.php\/wp-json\/wp\/v2\/users\/35"}],"replies":[{"embeddable":true,"href":"https:\/\/nvnoticias.mx\/index.php\/wp-json\/wp\/v2\/comments?post=100991"}],"version-history":[{"count":1,"href":"https:\/\/nvnoticias.mx\/index.php\/wp-json\/wp\/v2\/posts\/100991\/revisions"}],"predecessor-version":[{"id":100992,"href":"https:\/\/nvnoticias.mx\/index.php\/wp-json\/wp\/v2\/posts\/100991\/revisions\/100992"}],"wp:featuredmedia":[{"embeddable":true,"href":"https:\/\/nvnoticias.mx\/index.php\/wp-json\/wp\/v2\/media\/98458"}],"wp:attachment":[{"href":"https:\/\/nvnoticias.mx\/index.php\/wp-json\/wp\/v2\/media?parent=100991"}],"wp:term":[{"taxonomy":"category","embeddable":true,"href":"https:\/\/nvnoticias.mx\/index.php\/wp-json\/wp\/v2\/categories?post=100991"},{"taxonomy":"post_tag","embeddable":true,"href":"https:\/\/nvnoticias.mx\/index.php\/wp-json\/wp\/v2\/tags?post=100991"}],"curies":[{"name":"wp","href":"https:\/\/api.w.org\/{rel}","templated":true}]}}