{"id":100955,"date":"2023-03-29T11:47:33","date_gmt":"2023-03-29T17:47:33","guid":{"rendered":"https:\/\/nvnoticias.mx\/?p=100955"},"modified":"2023-03-29T11:47:34","modified_gmt":"2023-03-29T17:47:34","slug":"gobernador-anuncia-rodada-en-zempoala","status":"publish","type":"post","link":"https:\/\/nvnoticias.mx\/index.php\/2023\/03\/29\/gobernador-anuncia-rodada-en-zempoala\/","title":{"rendered":"Gobernador anuncia rodada en Zempoala"},"content":{"rendered":"\n<p><strong>Sam Ojeda\u00a0\/ NV Noticias<\/strong><\/p>\n\n\n\n<p>Xalapa.- El gobernador Cuitl\u00e1huac Garc\u00eda Jim\u00e9nez inform\u00f3 que este s\u00e1bado 1 de abril se realizar\u00e1 la segunda rodada en la zona de Zempoala en el municipio de \u00darsulo Galv\u00e1n.<\/p>\n\n\n\n<p>Dijo que se trata de una actividad en el marco del inicio del periodo vacacional de Semana Santa, y que tiene el objetivo de promover la zona como sitio tur\u00edstico.\u00a0<\/p>\n\n\n\n<blockquote class=\"wp-block-quote is-layout-flow wp-block-quote-is-layout-flow\"><p>\u201c<em>Queremos dar a conocer esta zona arqueol\u00f3gica con una rodada que partir\u00e1 de Zempoala que es una ciudad important\u00edsima, lleg\u00f3 a ser un tiempo la capital del pueblo totonaca<\/em>\u201d.<\/p><\/blockquote>\n\n\n\n<p>La rodada pasar\u00e1 por varias localidades de \u00darsulo Galv\u00e1n, entre ellos Paso del Bobo, La Gloria, El Ciruelo, as\u00ed como la cabecera municipal, Lomas de San Rafael y Chachalacas.<\/p>\n\n\n\n<p>Insisti\u00f3 en que el objetivo de este tipo de actividades es crear en la zona Zempoala un eje tur\u00edstico de Veracruz<\/p>\n\n\n\n<p>Dio a conocer que la convocatoria es abierta, se deben inscribir en equipos m\u00ednimo de 5 y m\u00e1ximo de 10 personas.\u00a0<\/p>\n\n\n\n<p>Adem\u00e1s, pueden ser patrocinados por cualquier centro hotelero, pueden portar el nombre del centro patrocinador y que se dar\u00e1n a conocer los detalles en breve.&nbsp;<\/p>\n\n\n\n<p>Iniciar\u00e1 a las 9:00 horas del Templo del Viento en Zempoala para llegar a las Playas de Chachalacas, d\u00f3nde ser\u00e1 el arranque de las vacaciones de Semana Santa y autoridades estarles convivir\u00e1n con los visitantes.<\/p>\n","protected":false},"excerpt":{"rendered":"<p>Sam Ojeda\u00a0\/ NV Noticias Xalapa.- El gobernador Cuitl\u00e1huac Garc\u00eda Jim\u00e9nez inform\u00f3 que este s\u00e1bado 1 de abril se realizar\u00e1 la segunda rodada en la zona de Zempoala en el municipio de \u00darsulo Galv\u00e1n. Dijo que se trata de una actividad en el marco del inicio del periodo vacacional de Semana Santa, y que tiene el [&hellip;]<\/p>\n","protected":false},"author":8,"featured_media":100956,"comment_status":"open","ping_status":"open","sticky":false,"template":"","format":"standard","meta":{"_monsterinsights_skip_tracking":false,"_monsterinsights_sitenote_active":false,"_monsterinsights_sitenote_note":"","_monsterinsights_sitenote_category":0,"footnotes":""},"categories":[156],"tags":[20022,24227],"class_list":["post-100955","post","type-post","status-publish","format-standard","has-post-thumbnail","hentry","category-estado","tag-rodada","tag-zempoala","wp-image-borders"],"amp_enabled":true,"_links":{"self":[{"href":"https:\/\/nvnoticias.mx\/index.php\/wp-json\/wp\/v2\/posts\/100955","targetHints":{"allow":["GET"]}}],"collection":[{"href":"https:\/\/nvnoticias.mx\/index.php\/wp-json\/wp\/v2\/posts"}],"about":[{"href":"https:\/\/nvnoticias.mx\/index.php\/wp-json\/wp\/v2\/types\/post"}],"author":[{"embeddable":true,"href":"https:\/\/nvnoticias.mx\/index.php\/wp-json\/wp\/v2\/users\/8"}],"replies":[{"embeddable":true,"href":"https:\/\/nvnoticias.mx\/index.php\/wp-json\/wp\/v2\/comments?post=100955"}],"version-history":[{"count":1,"href":"https:\/\/nvnoticias.mx\/index.php\/wp-json\/wp\/v2\/posts\/100955\/revisions"}],"predecessor-version":[{"id":100957,"href":"https:\/\/nvnoticias.mx\/index.php\/wp-json\/wp\/v2\/posts\/100955\/revisions\/100957"}],"wp:featuredmedia":[{"embeddable":true,"href":"https:\/\/nvnoticias.mx\/index.php\/wp-json\/wp\/v2\/media\/100956"}],"wp:attachment":[{"href":"https:\/\/nvnoticias.mx\/index.php\/wp-json\/wp\/v2\/media?parent=100955"}],"wp:term":[{"taxonomy":"category","embeddable":true,"href":"https:\/\/nvnoticias.mx\/index.php\/wp-json\/wp\/v2\/categories?post=100955"},{"taxonomy":"post_tag","embeddable":true,"href":"https:\/\/nvnoticias.mx\/index.php\/wp-json\/wp\/v2\/tags?post=100955"}],"curies":[{"name":"wp","href":"https:\/\/api.w.org\/{rel}","templated":true}]}}