{"id":100922,"date":"2023-03-29T11:09:33","date_gmt":"2023-03-29T17:09:33","guid":{"rendered":"https:\/\/nvnoticias.mx\/?p=100922"},"modified":"2023-03-29T11:09:35","modified_gmt":"2023-03-29T17:09:35","slug":"aparece-con-vida-martha-daniela-rojas-estudiante-de-la-uv-reportada-como-desaparecida","status":"publish","type":"post","link":"https:\/\/nvnoticias.mx\/index.php\/2023\/03\/29\/aparece-con-vida-martha-daniela-rojas-estudiante-de-la-uv-reportada-como-desaparecida\/","title":{"rendered":"Aparece con vida Martha Daniela Rojas, estudiante de la UV reportada como desaparecida"},"content":{"rendered":"\n<p>Familiares de Martha Daniela G\u00f3mez confirmaron que la estudiante de la Facultad de Odontolog\u00eda de la Universidad Veracruzana fue localizada.<\/p>\n\n\n\n<blockquote class=\"wp-block-quote is-layout-flow wp-block-quote-is-layout-flow\"><p>&#8220;<em>Familia y amigos ya apareci\u00f3 mi hija, gracias a todos por sus oraciones<\/em>&#8220;, escribi\u00f3 en sus redes sociales \u00c1ngeles G\u00f3mez, madre de la joven estudiante<\/p><\/blockquote>\n\n\n\n<iframe loading=\"lazy\" src=\"https:\/\/www.facebook.com\/plugins\/post.php?href=https%3A%2F%2Fwww.facebook.com%2Fangeles.gomezsanchez.315%2Fposts%2Fpfbid02BQjCTsY1Bz9kcqpxDKXwCy666axPL7CbK1JLWq1wjbzMDB99qVQA8fSg9Zg1JCAEl&#038;show_text=true&#038;width=500\" width=\"500\" height=\"474\" style=\"border:none;overflow:hidden\" scrolling=\"no\" frameborder=\"0\" allowfullscreen=\"true\" allow=\"autoplay; clipboard-write; encrypted-media; picture-in-picture; web-share\"><\/iframe>\n\n\n\n<p>Martha Daniela hab\u00eda desaparecido en el puerto de\u00a0Veracruz\u00a0este martes 28 de marzo.<\/p>\n\n\n\n<p>La joven fue vista por \u00faltima vez en Chedraui Centro del puerto de Veracruz, vest\u00eda el uniforme de odontolog\u00eda. Por su parte,\u00a0la Universidad Veracruzana inform\u00f3 que se un\u00eda a la b\u00fasqueda de la estudiante.<\/p>\n\n\n\n<p>Familiares y amigos tambi\u00e9n hab\u00edan hecho un llamado para que, cualquier persona que tuviera informaci\u00f3n sobre su paradero, se comunicara con ellos, ya que la joven tiene una hija menor de edad que la espera en casa. Sin embrago, se confirm\u00f3 que la estudiante ya esta con su familia.<\/p>\n","protected":false},"excerpt":{"rendered":"<p>Familiares de Martha Daniela G\u00f3mez confirmaron que la estudiante de la Facultad de Odontolog\u00eda de la Universidad Veracruzana fue localizada. &#8220;Familia y amigos ya apareci\u00f3 mi hija, gracias a todos por sus oraciones&#8220;, escribi\u00f3 en sus redes sociales \u00c1ngeles G\u00f3mez, madre de la joven estudiante Martha Daniela hab\u00eda desaparecido en el puerto de\u00a0Veracruz\u00a0este martes 28 [&hellip;]<\/p>\n","protected":false},"author":8,"featured_media":100932,"comment_status":"open","ping_status":"open","sticky":false,"template":"","format":"standard","meta":{"_monsterinsights_skip_tracking":false,"_monsterinsights_sitenote_active":false,"_monsterinsights_sitenote_note":"","_monsterinsights_sitenote_category":0,"footnotes":""},"categories":[154],"tags":[2910,24217,24212],"class_list":["post-100922","post","type-post","status-publish","format-standard","has-post-thumbnail","hentry","category-veracruz","tag-desaparecida","tag-estudiante-uv","tag-martha-daniela-rojas-gomez","wp-image-borders"],"amp_enabled":true,"_links":{"self":[{"href":"https:\/\/nvnoticias.mx\/index.php\/wp-json\/wp\/v2\/posts\/100922","targetHints":{"allow":["GET"]}}],"collection":[{"href":"https:\/\/nvnoticias.mx\/index.php\/wp-json\/wp\/v2\/posts"}],"about":[{"href":"https:\/\/nvnoticias.mx\/index.php\/wp-json\/wp\/v2\/types\/post"}],"author":[{"embeddable":true,"href":"https:\/\/nvnoticias.mx\/index.php\/wp-json\/wp\/v2\/users\/8"}],"replies":[{"embeddable":true,"href":"https:\/\/nvnoticias.mx\/index.php\/wp-json\/wp\/v2\/comments?post=100922"}],"version-history":[{"count":1,"href":"https:\/\/nvnoticias.mx\/index.php\/wp-json\/wp\/v2\/posts\/100922\/revisions"}],"predecessor-version":[{"id":100933,"href":"https:\/\/nvnoticias.mx\/index.php\/wp-json\/wp\/v2\/posts\/100922\/revisions\/100933"}],"wp:featuredmedia":[{"embeddable":true,"href":"https:\/\/nvnoticias.mx\/index.php\/wp-json\/wp\/v2\/media\/100932"}],"wp:attachment":[{"href":"https:\/\/nvnoticias.mx\/index.php\/wp-json\/wp\/v2\/media?parent=100922"}],"wp:term":[{"taxonomy":"category","embeddable":true,"href":"https:\/\/nvnoticias.mx\/index.php\/wp-json\/wp\/v2\/categories?post=100922"},{"taxonomy":"post_tag","embeddable":true,"href":"https:\/\/nvnoticias.mx\/index.php\/wp-json\/wp\/v2\/tags?post=100922"}],"curies":[{"name":"wp","href":"https:\/\/api.w.org\/{rel}","templated":true}]}}