{"id":100872,"date":"2023-03-28T15:15:47","date_gmt":"2023-03-28T21:15:47","guid":{"rendered":"https:\/\/nvnoticias.mx\/?p=100872"},"modified":"2023-03-28T15:15:47","modified_gmt":"2023-03-28T21:15:47","slug":"renuncia-edmundo-jacobo-al-ine","status":"publish","type":"post","link":"https:\/\/nvnoticias.mx\/index.php\/2023\/03\/28\/renuncia-edmundo-jacobo-al-ine\/","title":{"rendered":"Renuncia Edmundo Jacobo al INE"},"content":{"rendered":"\n<p>El secretario Ejecutivo del INE, Edmundo Jacobo, inform\u00f3 que\u00a0present\u00f3 su renuncia\u00a0al consejero presidente, Lorenzo C\u00f3rdova, con efectos al pr\u00f3ximo 3 de abril, el mismo d\u00eda que concluye el cargo de la actual presidencia y la integraci\u00f3n del consejo.<\/p>\n\n\n\n<blockquote class=\"wp-block-quote is-layout-flow wp-block-quote-is-layout-flow\"><p>\u201cEstoy aqu\u00ed para anunciar y explicar las razones por las cuales he presentado al consejero presidente<strong>\u00a0mi renuncia al cargo de secretario ejecutivo del INE con efectos a partir del pr\u00f3ximo 3 de abril<\/strong>\u201d, dijo.<\/p><p><\/p><\/blockquote>\n\n\n\n<p>Edmundo Jacobo se\u00f1al\u00f3 que busc\u00f3 dise\u00f1ar una Secretar\u00eda Ejecutiva discreta, pero ante el llamado Plan B de la reforma electoral, tuvo que salir en la defensa del instituto, lo que llev\u00f3 a una serie de ataques en su contra.<\/p>\n\n\n\n<blockquote class=\"wp-block-quote is-layout-flow wp-block-quote-is-layout-flow\"><p>\u201cIniciaron los ataques y mentiras sobre m\u00ed y mi trayectoria, incluso desde las ma\u00f1aneras&nbsp;<a href=\"https:\/\/www.milenio.com\/politica\/llevo-30-anos-ine-ingrese-2008-edmundo-jacobo\" target=\"_blank\" rel=\"noreferrer noopener\">se ha llegado a decir que tengo 30 a\u00f1os en el instituto<\/a>, lo que es mentira\u201d, explic\u00f3.<\/p><\/blockquote>\n\n\n\n<p>Se\u00f1al\u00f3 que \u201cla notoriedad que sin buscar he adquirido, constituye un impedimento, desde mi punto de vista, para continuar desempe\u00f1ando con discreci\u00f3n y eficacia, las actividades propias de la secretar\u00eda Ejecutiva, por lo que\u00a0<strong>considero que es el momento de retirarme<\/strong>\u201d.<\/p>\n\n\n\n<p>Fuente: <a href=\"https:\/\/www.milenio.com\/politica\/edmundo-jacobo-renuncia-consejero-ejecutivo-ine\" data-type=\"URL\" data-id=\"https:\/\/www.milenio.com\/politica\/edmundo-jacobo-renuncia-consejero-ejecutivo-ine\">Milenio<\/a><\/p>\n","protected":false},"excerpt":{"rendered":"<p>El secretario Ejecutivo del INE, Edmundo Jacobo, inform\u00f3 que\u00a0present\u00f3 su renuncia\u00a0al consejero presidente, Lorenzo C\u00f3rdova, con efectos al pr\u00f3ximo 3 de abril, el mismo d\u00eda que concluye el cargo de la actual presidencia y la integraci\u00f3n del consejo. \u201cEstoy aqu\u00ed para anunciar y explicar las razones por las cuales he presentado al consejero presidente\u00a0mi renuncia [&hellip;]<\/p>\n","protected":false},"author":35,"featured_media":98458,"comment_status":"open","ping_status":"open","sticky":false,"template":"","format":"standard","meta":{"_monsterinsights_skip_tracking":false,"_monsterinsights_sitenote_active":false,"_monsterinsights_sitenote_note":"","_monsterinsights_sitenote_category":0,"footnotes":""},"categories":[158],"tags":[23537,443,162,2078],"class_list":["post-100872","post","type-post","status-publish","format-standard","has-post-thumbnail","hentry","category-politica","tag-edmundo-jacobo","tag-ine","tag-portada","tag-renuncia","wp-image-borders"],"amp_enabled":true,"_links":{"self":[{"href":"https:\/\/nvnoticias.mx\/index.php\/wp-json\/wp\/v2\/posts\/100872","targetHints":{"allow":["GET"]}}],"collection":[{"href":"https:\/\/nvnoticias.mx\/index.php\/wp-json\/wp\/v2\/posts"}],"about":[{"href":"https:\/\/nvnoticias.mx\/index.php\/wp-json\/wp\/v2\/types\/post"}],"author":[{"embeddable":true,"href":"https:\/\/nvnoticias.mx\/index.php\/wp-json\/wp\/v2\/users\/35"}],"replies":[{"embeddable":true,"href":"https:\/\/nvnoticias.mx\/index.php\/wp-json\/wp\/v2\/comments?post=100872"}],"version-history":[{"count":3,"href":"https:\/\/nvnoticias.mx\/index.php\/wp-json\/wp\/v2\/posts\/100872\/revisions"}],"predecessor-version":[{"id":100875,"href":"https:\/\/nvnoticias.mx\/index.php\/wp-json\/wp\/v2\/posts\/100872\/revisions\/100875"}],"wp:featuredmedia":[{"embeddable":true,"href":"https:\/\/nvnoticias.mx\/index.php\/wp-json\/wp\/v2\/media\/98458"}],"wp:attachment":[{"href":"https:\/\/nvnoticias.mx\/index.php\/wp-json\/wp\/v2\/media?parent=100872"}],"wp:term":[{"taxonomy":"category","embeddable":true,"href":"https:\/\/nvnoticias.mx\/index.php\/wp-json\/wp\/v2\/categories?post=100872"},{"taxonomy":"post_tag","embeddable":true,"href":"https:\/\/nvnoticias.mx\/index.php\/wp-json\/wp\/v2\/tags?post=100872"}],"curies":[{"name":"wp","href":"https:\/\/api.w.org\/{rel}","templated":true}]}}