{"id":10086,"date":"2021-04-06T14:22:55","date_gmt":"2021-04-06T19:22:55","guid":{"rendered":"https:\/\/nvnoticias.mx\/?p=10086"},"modified":"2021-04-06T14:22:57","modified_gmt":"2021-04-06T19:22:57","slug":"reporta-pc-veracruz-saldo-blanco-por-vacaciones","status":"publish","type":"post","link":"https:\/\/nvnoticias.mx\/index.php\/2021\/04\/06\/reporta-pc-veracruz-saldo-blanco-por-vacaciones\/","title":{"rendered":"Reporta PC Veracruz saldo blanco por vacaciones"},"content":{"rendered":"\n<p><strong>Jes\u00fas Utrilla \/ NV Noticias<\/strong><strong><\/strong><\/p>\n\n\n\n<p>Veracruz. \u2013 La&nbsp; Direcci\u00f3n de Protecci\u00f3n Civil de Veracruz, report\u00f3 saldo blanco por la primera semana de vacaciones ya que las atenciones fueron m\u00ednimas.<\/p>\n\n\n\n<p>Alfonso Garc\u00eda Cardona, titular de la dependencia municipal, se\u00f1al\u00f3 que debido al viento del norte y la marea alta, la gente no se introdujo a niveles riesgosos al mar y los trabajos de salvamento fueron escasos.<\/p>\n\n\n\n<p>Adem\u00e1s aunque las playas aparentemente estaban llenas, la fluencia de vacacionistas fue menor en comparaci\u00f3n a a\u00f1os anteriores y lo atribuy\u00f3 a la pandemia y las condiciones econ\u00f3micas por la que atraviesan los mexicanos.<\/p>\n\n\n\n<blockquote class=\"wp-block-quote is-layout-flow wp-block-quote-is-layout-flow\"><p>\u201cEs un saldo blanco, afortunadamente no se tuvieron muchas atenciones, el tiempo nos ayud\u00f3 much\u00edsimo porque tuvimos el Frente Fr\u00edo n\u00famero 43. Tuvimos viento y oleaje elevado jueves y viernes y parte del s\u00e1bado y los guardavidas trabajaron mucho en lo que fue en mantener a la gente a la orilla, esto nos ayud\u00f3 para que no tuvi\u00e9ramos ning\u00fan salvamento en Semana santa&#8221;.<\/p><\/blockquote>\n\n\n\n<p>Por la marejada que se registr\u00f3 el pasado viernes y s\u00e1bado en playas como Villa del Mar y Regatas, los Guardavidas estuvieron atentos a que la gente no ingresara m\u00e1s all\u00e1 de los l\u00edmites permitidos.<\/p>\n\n\n\n<p>Destac\u00f3 entre las atenciones la ayuda brindada por elementos de Protecci\u00f3n Civil a un joven que present\u00f3 un cuadro epil\u00e9ptico.<\/p>\n\n\n\n<p>Tambi\u00e9n ayudaron a localizar&nbsp; a un ni\u00f1o y a una mujer que presentaba cierto grado et\u00edlico.<\/p>\n\n\n\n<blockquote class=\"wp-block-quote is-layout-flow wp-block-quote-is-layout-flow\"><p>\u201cSe podr\u00eda decir que esas tres atenciones fue lo m\u00e1s relevante que hubo, de all\u00ed en fuera se comporto todo muy bien en la zona de playas\u201d.<\/p><\/blockquote>\n\n\n\n<p>El operativo vacacional se mantendr\u00e1 hasta el domingo.<\/p>\n\n\n\n<p>Por parte de Proteccion Civil participan 25 salvavidas destinados a las playas.<\/p>\n\n\n\n<p><strong>El horario es de 10:00 de la ma\u00f1ana a 6:00 de la tarde, hora en la que todos deben desalojar el \u00e1rea.<\/strong><\/p>\n","protected":false},"excerpt":{"rendered":"<p>Jes\u00fas Utrilla \/ NV Noticias Veracruz. \u2013 La&nbsp; Direcci\u00f3n de Protecci\u00f3n Civil de Veracruz, report\u00f3 saldo blanco por la primera semana de vacaciones ya que las atenciones fueron m\u00ednimas. Alfonso Garc\u00eda Cardona, titular de la dependencia municipal, se\u00f1al\u00f3 que debido al viento del norte y la marea alta, la gente no se introdujo a niveles [&hellip;]<\/p>\n","protected":false},"author":6,"featured_media":10087,"comment_status":"open","ping_status":"open","sticky":false,"template":"","format":"standard","meta":{"_monsterinsights_skip_tracking":false,"_monsterinsights_sitenote_active":false,"_monsterinsights_sitenote_note":"","_monsterinsights_sitenote_category":0,"footnotes":""},"categories":[154],"tags":[210,2844,1474,180],"class_list":["post-10086","post","type-post","status-publish","format-standard","has-post-thumbnail","hentry","category-veracruz","tag-pc","tag-saldo-blanco","tag-semana-santa","tag-veracruz","wp-image-borders"],"amp_enabled":true,"_links":{"self":[{"href":"https:\/\/nvnoticias.mx\/index.php\/wp-json\/wp\/v2\/posts\/10086","targetHints":{"allow":["GET"]}}],"collection":[{"href":"https:\/\/nvnoticias.mx\/index.php\/wp-json\/wp\/v2\/posts"}],"about":[{"href":"https:\/\/nvnoticias.mx\/index.php\/wp-json\/wp\/v2\/types\/post"}],"author":[{"embeddable":true,"href":"https:\/\/nvnoticias.mx\/index.php\/wp-json\/wp\/v2\/users\/6"}],"replies":[{"embeddable":true,"href":"https:\/\/nvnoticias.mx\/index.php\/wp-json\/wp\/v2\/comments?post=10086"}],"version-history":[{"count":1,"href":"https:\/\/nvnoticias.mx\/index.php\/wp-json\/wp\/v2\/posts\/10086\/revisions"}],"predecessor-version":[{"id":10088,"href":"https:\/\/nvnoticias.mx\/index.php\/wp-json\/wp\/v2\/posts\/10086\/revisions\/10088"}],"wp:featuredmedia":[{"embeddable":true,"href":"https:\/\/nvnoticias.mx\/index.php\/wp-json\/wp\/v2\/media\/10087"}],"wp:attachment":[{"href":"https:\/\/nvnoticias.mx\/index.php\/wp-json\/wp\/v2\/media?parent=10086"}],"wp:term":[{"taxonomy":"category","embeddable":true,"href":"https:\/\/nvnoticias.mx\/index.php\/wp-json\/wp\/v2\/categories?post=10086"},{"taxonomy":"post_tag","embeddable":true,"href":"https:\/\/nvnoticias.mx\/index.php\/wp-json\/wp\/v2\/tags?post=10086"}],"curies":[{"name":"wp","href":"https:\/\/api.w.org\/{rel}","templated":true}]}}