{"id":100837,"date":"2023-03-28T13:04:18","date_gmt":"2023-03-28T19:04:18","guid":{"rendered":"https:\/\/nvnoticias.mx\/?p=100837"},"modified":"2023-03-28T13:04:19","modified_gmt":"2023-03-28T19:04:19","slug":"secretario-de-ssp-defiende-a-colaborador-acusado-de-hacer-proselitismo","status":"publish","type":"post","link":"https:\/\/nvnoticias.mx\/index.php\/2023\/03\/28\/secretario-de-ssp-defiende-a-colaborador-acusado-de-hacer-proselitismo\/","title":{"rendered":"Secretario de SSP defiende a colaborador acusado de hacer proselitismo"},"content":{"rendered":"\n<p><strong>Sam Ojeda\u00a0\/ NV Noticias<\/strong><\/p>\n\n\n\n<p>Xalapa.- Pese al desv\u00edo de recursos humanos para labores partidistas, el titular de la Secretar\u00eda de Seguridad P\u00fablica, Cuauht\u00e9moc Z\u00fa\u00f1iga Bonilla aval\u00f3 que su&nbsp; jefe de la Unidad Administrativa de la SSP, Ulises Rodr\u00edguez, pueda realizar proselitismo con personal de la corporaci\u00f3n.<\/p>\n\n\n\n<p>En entrevista, el responsable de la Seguridad en Veracruz neg\u00f3 que la voz del audio atribuido a su colaborador pertenezca a \u00e9l, dado que \u201cla conoce\u201d, dijo.<\/p>\n\n\n\n<blockquote class=\"wp-block-quote is-layout-flow wp-block-quote-is-layout-flow\"><p>\u201c<em>Si alguien participa en su horario libre no se les va a restringir o cuestionar. Y yo que conozco la voz de Ulises, la que sale en el audio no es de \u00e9l<\/em>\u201d, puntualiz\u00f3 Z\u00fa\u00f1iga Bonilla.<\/p><\/blockquote>\n\n\n\n<p>El Secretario asegur\u00f3 que todos los ciudadanos, as\u00ed como el Jefe Administrativo, son libres de poder participar en eventos pol\u00edticos y que en la dependencia a su cargo \u201chay apertura\u201d para que lo hagan.&nbsp;<\/p>\n\n\n\n<blockquote class=\"wp-block-quote is-layout-flow wp-block-quote-is-layout-flow\"><p>\u201c<em>Todos tenemos derecho a participar en eventos pol\u00edticos siempre y cuando sean no en horarios laborales, en la Secretar\u00eda tienen la apertura como cualquier ciudadano para pertenecer a cualquier partido pol\u00edtico<\/em>\u201d. \u00a0<\/p><\/blockquote>\n\n\n\n<p>Y es que hubo un audio que se filtr\u00f3 a medios de comunicaci\u00f3n se se\u00f1ala a Rodr\u00edguez Landa de conformar grupos de operadores pol\u00edticos llamados \u201cprotagonistas del cambio verdadero\u201d para apoyar a Morena en las eleciones de 2022.<\/p>\n","protected":false},"excerpt":{"rendered":"<p>Sam Ojeda\u00a0\/ NV Noticias Xalapa.- Pese al desv\u00edo de recursos humanos para labores partidistas, el titular de la Secretar\u00eda de Seguridad P\u00fablica, Cuauht\u00e9moc Z\u00fa\u00f1iga Bonilla aval\u00f3 que su&nbsp; jefe de la Unidad Administrativa de la SSP, Ulises Rodr\u00edguez, pueda realizar proselitismo con personal de la corporaci\u00f3n. En entrevista, el responsable de la Seguridad en Veracruz [&hellip;]<\/p>\n","protected":false},"author":8,"featured_media":100838,"comment_status":"open","ping_status":"open","sticky":false,"template":"","format":"standard","meta":{"_monsterinsights_skip_tracking":false,"_monsterinsights_sitenote_active":false,"_monsterinsights_sitenote_note":"","_monsterinsights_sitenote_category":0,"footnotes":""},"categories":[156],"tags":[24202,15617],"class_list":["post-100837","post","type-post","status-publish","format-standard","has-post-thumbnail","hentry","category-estado","tag-proselitismo","tag-secretario-de-seguridad","wp-image-borders"],"amp_enabled":true,"_links":{"self":[{"href":"https:\/\/nvnoticias.mx\/index.php\/wp-json\/wp\/v2\/posts\/100837","targetHints":{"allow":["GET"]}}],"collection":[{"href":"https:\/\/nvnoticias.mx\/index.php\/wp-json\/wp\/v2\/posts"}],"about":[{"href":"https:\/\/nvnoticias.mx\/index.php\/wp-json\/wp\/v2\/types\/post"}],"author":[{"embeddable":true,"href":"https:\/\/nvnoticias.mx\/index.php\/wp-json\/wp\/v2\/users\/8"}],"replies":[{"embeddable":true,"href":"https:\/\/nvnoticias.mx\/index.php\/wp-json\/wp\/v2\/comments?post=100837"}],"version-history":[{"count":1,"href":"https:\/\/nvnoticias.mx\/index.php\/wp-json\/wp\/v2\/posts\/100837\/revisions"}],"predecessor-version":[{"id":100839,"href":"https:\/\/nvnoticias.mx\/index.php\/wp-json\/wp\/v2\/posts\/100837\/revisions\/100839"}],"wp:featuredmedia":[{"embeddable":true,"href":"https:\/\/nvnoticias.mx\/index.php\/wp-json\/wp\/v2\/media\/100838"}],"wp:attachment":[{"href":"https:\/\/nvnoticias.mx\/index.php\/wp-json\/wp\/v2\/media?parent=100837"}],"wp:term":[{"taxonomy":"category","embeddable":true,"href":"https:\/\/nvnoticias.mx\/index.php\/wp-json\/wp\/v2\/categories?post=100837"},{"taxonomy":"post_tag","embeddable":true,"href":"https:\/\/nvnoticias.mx\/index.php\/wp-json\/wp\/v2\/tags?post=100837"}],"curies":[{"name":"wp","href":"https:\/\/api.w.org\/{rel}","templated":true}]}}