{"id":100800,"date":"2023-03-28T12:20:59","date_gmt":"2023-03-28T18:20:59","guid":{"rendered":"https:\/\/nvnoticias.mx\/?p=100800"},"modified":"2023-03-28T12:21:00","modified_gmt":"2023-03-28T18:21:00","slug":"el-regidor-acusado-de-abuso-sexual-tiene-derecho-a-defenderse-colegio-de-abogados-de-veracruz","status":"publish","type":"post","link":"https:\/\/nvnoticias.mx\/index.php\/2023\/03\/28\/el-regidor-acusado-de-abuso-sexual-tiene-derecho-a-defenderse-colegio-de-abogados-de-veracruz\/","title":{"rendered":"El regidor acusado de abuso sexual tiene derecho a defenderse: Colegio de Abogados de Veracruz"},"content":{"rendered":"\n<p><strong>Jes\u00fas Utrilla \/ NV Noticias<\/strong><\/p>\n\n\n\n<p>El regidor Sebasti\u00e1n \u2018N\u2019 puede defenderse y no deben retirarlo del cargo, ya que al no haber prisi\u00f3n preventiva se debe estar sujeto a un procedimiento antes que la autoridad determine si se gira o no orden de aprehensi\u00f3n, se\u00f1al\u00f3 Rosario Guadalupe Gayot Lara, presidenta del Colegio de Abogados de Veracruz.<\/p>\n\n\n\n<p>Puntualiz\u00f3 que tiene derecho a defenderse y no debe separarse del cargo e incluso si<br>se determina que no hubo delito cometido podr\u00eda demandar por da\u00f1o moral.<\/p>\n\n\n\n<blockquote class=\"wp-block-quote is-layout-flow wp-block-quote-is-layout-flow\"><p>\u201c<em>\u00c9l tiene derecho a la defienda, debemos empezar por ah\u00ed. A veces quisi\u00e9ramos cuando se dan estas situaciones que las cosas caminar\u00e1n r\u00e1pido y se actuar\u00e1. No es as\u00ed, tenemos que respetar el derecho de audiencia que toda persona tiene<\/em>\u201d.<\/p><\/blockquote>\n\n\n\n<p>Cabe recordar que al menos 16 mujeres lo se\u00f1alaron en redes sociales de supuestamente haber cometido acoso y abuso sexual, sin embargo, solo hay cuatro denuncias formales ante la Fiscal\u00eda por lo tanto el edil de Morena podr\u00eda demandar por da\u00f1o moral.<\/p>\n\n\n\n<p>Por el tiempo en que se cometieron los hechos posiblemente f\u00edsicamente no se pueda encontrar alg\u00fan rasgo de abuso sexual, pero tal vez psicol\u00f3gicamente s\u00ed.<\/p>\n\n\n\n<p>Aunado a ello podr\u00eda haber testigos, pero sise determina el delito podr\u00eda ir a la c\u00e1rcel pero ser\u00e1 la Fiscal\u00eda la que determine con base a las pruebas que se aprueben.<\/p>\n\n\n\n<blockquote class=\"wp-block-quote is-layout-flow wp-block-quote-is-layout-flow\"><p>\u201c<em>Escuch\u00e9 que el Cabildo sesion\u00f3 y le pidieron a \u00e9l que renunciara. Si se lo est\u00e1n pidiendo entonces no puede actuar. Desconozco si el Congreso tenga injerencia pero yo creo que no porque un regidor es una cuesti\u00f3n municipal. Si ya est\u00e1n las denuncias tendr\u00e1n que avanzar<\/em>\u201d.<\/p><\/blockquote>\n\n\n\n<p>Insisti\u00f3 que el regidor tiene derecho a defenderse antes de ser separado del cargo.<\/p>\n","protected":false},"excerpt":{"rendered":"<p>Jes\u00fas Utrilla \/ NV Noticias El regidor Sebasti\u00e1n \u2018N\u2019 puede defenderse y no deben retirarlo del cargo, ya que al no haber prisi\u00f3n preventiva se debe estar sujeto a un procedimiento antes que la autoridad determine si se gira o no orden de aprehensi\u00f3n, se\u00f1al\u00f3 Rosario Guadalupe Gayot Lara, presidenta del Colegio de Abogados de [&hellip;]<\/p>\n","protected":false},"author":8,"featured_media":99911,"comment_status":"open","ping_status":"open","sticky":false,"template":"","format":"standard","meta":{"_monsterinsights_skip_tracking":false,"_monsterinsights_sitenote_active":false,"_monsterinsights_sitenote_note":"","_monsterinsights_sitenote_category":0,"footnotes":""},"categories":[154],"tags":[6900,24094],"class_list":["post-100800","post","type-post","status-publish","format-standard","has-post-thumbnail","hentry","category-veracruz","tag-colegio-de-abogados-de-veracruz","tag-sebastian-n","wp-image-borders"],"amp_enabled":true,"_links":{"self":[{"href":"https:\/\/nvnoticias.mx\/index.php\/wp-json\/wp\/v2\/posts\/100800","targetHints":{"allow":["GET"]}}],"collection":[{"href":"https:\/\/nvnoticias.mx\/index.php\/wp-json\/wp\/v2\/posts"}],"about":[{"href":"https:\/\/nvnoticias.mx\/index.php\/wp-json\/wp\/v2\/types\/post"}],"author":[{"embeddable":true,"href":"https:\/\/nvnoticias.mx\/index.php\/wp-json\/wp\/v2\/users\/8"}],"replies":[{"embeddable":true,"href":"https:\/\/nvnoticias.mx\/index.php\/wp-json\/wp\/v2\/comments?post=100800"}],"version-history":[{"count":1,"href":"https:\/\/nvnoticias.mx\/index.php\/wp-json\/wp\/v2\/posts\/100800\/revisions"}],"predecessor-version":[{"id":100801,"href":"https:\/\/nvnoticias.mx\/index.php\/wp-json\/wp\/v2\/posts\/100800\/revisions\/100801"}],"wp:featuredmedia":[{"embeddable":true,"href":"https:\/\/nvnoticias.mx\/index.php\/wp-json\/wp\/v2\/media\/99911"}],"wp:attachment":[{"href":"https:\/\/nvnoticias.mx\/index.php\/wp-json\/wp\/v2\/media?parent=100800"}],"wp:term":[{"taxonomy":"category","embeddable":true,"href":"https:\/\/nvnoticias.mx\/index.php\/wp-json\/wp\/v2\/categories?post=100800"},{"taxonomy":"post_tag","embeddable":true,"href":"https:\/\/nvnoticias.mx\/index.php\/wp-json\/wp\/v2\/tags?post=100800"}],"curies":[{"name":"wp","href":"https:\/\/api.w.org\/{rel}","templated":true}]}}