{"id":100778,"date":"2023-03-28T10:43:05","date_gmt":"2023-03-28T16:43:05","guid":{"rendered":"https:\/\/nvnoticias.mx\/?p=100778"},"modified":"2023-03-28T10:43:16","modified_gmt":"2023-03-28T16:43:16","slug":"el-comite-de-carnaval-presenta-convocatorias-para-elegir-a-la-corte-real","status":"publish","type":"post","link":"https:\/\/nvnoticias.mx\/index.php\/2023\/03\/28\/el-comite-de-carnaval-presenta-convocatorias-para-elegir-a-la-corte-real\/","title":{"rendered":"El Comit\u00e9 de Carnaval presenta convocatorias para elegir a la Corte Real"},"content":{"rendered":"\n<p><strong>Jes\u00fas Utrilla | NV Noticias <\/strong><\/p>\n\n\n\n<p>El Comit\u00e9 de Carnaval dio a conocer las convocatorias para elegir a la Corte Real 2023. Ser\u00e1 mediante cualidades y no por votos, sin embargo, Luis Antonio P\u00e9rez Fraga, presidente del comit\u00e9 organizador, dijo que la edad de las reinas ser\u00e1 de 18 a 30 a\u00f1os y los reyes de 18 a\u00f1os en adelante.<\/p>\n\n\n\n<p>Ser\u00e1 un concurso en el que un jurado representado por personas de la sociedad civil con experiencia en cultura, simpat\u00eda, alegr\u00eda, conocimiento tur\u00edstico e hist\u00f3rico, elegir\u00e1n a los soberanos.<\/p>\n\n\n\n<blockquote class=\"wp-block-quote is-layout-flow wp-block-quote-is-layout-flow\"><p>\u201cEra una petici\u00f3n permanente de que no fuera el dinero un factor determinante, por ello vamos a llevar a cabo un certamen en el que se elija a los soberanos. Ser\u00e1n jurados de intachable reputaci\u00f3n e imagen\u201d.<\/p><\/blockquote>\n\n\n\n<p>Se buscar\u00e1 conocimientos tur\u00edsticos de la ciudad, culturales y del Carnaval. <\/p>\n\n\n\n<p>Se dar\u00e1n la oportunidad de dirigirse al p\u00fablico para expresar el motivo del que quieren ser reyes. Habr\u00e1 un certamen donde triunfe el m\u00e1s alegre, m\u00e1s carism\u00e1tico y sea digno representante. <\/p>\n\n\n\n<p>La convocatoria estar\u00e1 abierta a partir del 1 de abril pagando el costo de inscripci\u00f3n. Antes eran 25 mil de inscripci\u00f3n y 100 mil pesos de bono de continuidad. Ahora ser\u00e1 la mitad, solo 60 mil pesos y quienes no queden en los primeros tres lugares ser\u00e1n designados como doncellas y caballeros de la alegr\u00eda.<\/p>\n\n\n\n<p>El sorteo de ni\u00f1os ser\u00e1 por votos, es decir, de la manera tradicional.<\/p>\n","protected":false},"excerpt":{"rendered":"<p>Jes\u00fas Utrilla | NV Noticias El Comit\u00e9 de Carnaval dio a conocer las convocatorias para elegir a la Corte Real 2023. Ser\u00e1 mediante cualidades y no por votos, sin embargo, Luis Antonio P\u00e9rez Fraga, presidente del comit\u00e9 organizador, dijo que la edad de las reinas ser\u00e1 de 18 a 30 a\u00f1os y los reyes de [&hellip;]<\/p>\n","protected":false},"author":35,"featured_media":100779,"comment_status":"open","ping_status":"open","sticky":false,"template":"","format":"standard","meta":{"_monsterinsights_skip_tracking":false,"_monsterinsights_sitenote_active":false,"_monsterinsights_sitenote_note":"","_monsterinsights_sitenote_category":0,"footnotes":""},"categories":[154],"tags":[1138,4566,11323,18834],"class_list":["post-100778","post","type-post","status-publish","format-standard","has-post-thumbnail","hentry","category-veracruz","tag-carnaval-de-veracruz","tag-comite","tag-corte-real","tag-elegir","wp-image-borders"],"amp_enabled":true,"_links":{"self":[{"href":"https:\/\/nvnoticias.mx\/index.php\/wp-json\/wp\/v2\/posts\/100778","targetHints":{"allow":["GET"]}}],"collection":[{"href":"https:\/\/nvnoticias.mx\/index.php\/wp-json\/wp\/v2\/posts"}],"about":[{"href":"https:\/\/nvnoticias.mx\/index.php\/wp-json\/wp\/v2\/types\/post"}],"author":[{"embeddable":true,"href":"https:\/\/nvnoticias.mx\/index.php\/wp-json\/wp\/v2\/users\/35"}],"replies":[{"embeddable":true,"href":"https:\/\/nvnoticias.mx\/index.php\/wp-json\/wp\/v2\/comments?post=100778"}],"version-history":[{"count":2,"href":"https:\/\/nvnoticias.mx\/index.php\/wp-json\/wp\/v2\/posts\/100778\/revisions"}],"predecessor-version":[{"id":100781,"href":"https:\/\/nvnoticias.mx\/index.php\/wp-json\/wp\/v2\/posts\/100778\/revisions\/100781"}],"wp:featuredmedia":[{"embeddable":true,"href":"https:\/\/nvnoticias.mx\/index.php\/wp-json\/wp\/v2\/media\/100779"}],"wp:attachment":[{"href":"https:\/\/nvnoticias.mx\/index.php\/wp-json\/wp\/v2\/media?parent=100778"}],"wp:term":[{"taxonomy":"category","embeddable":true,"href":"https:\/\/nvnoticias.mx\/index.php\/wp-json\/wp\/v2\/categories?post=100778"},{"taxonomy":"post_tag","embeddable":true,"href":"https:\/\/nvnoticias.mx\/index.php\/wp-json\/wp\/v2\/tags?post=100778"}],"curies":[{"name":"wp","href":"https:\/\/api.w.org\/{rel}","templated":true}]}}