{"id":100686,"date":"2023-03-28T07:32:29","date_gmt":"2023-03-28T13:32:29","guid":{"rendered":"https:\/\/nvnoticias.mx\/?p=100686"},"modified":"2023-03-28T07:42:30","modified_gmt":"2023-03-28T13:42:30","slug":"confirma-amlo-que-incendio-se-origino-por-protesta-de-migrantes-en-ciudad-juarez","status":"publish","type":"post","link":"https:\/\/nvnoticias.mx\/index.php\/2023\/03\/28\/confirma-amlo-que-incendio-se-origino-por-protesta-de-migrantes-en-ciudad-juarez\/","title":{"rendered":"Confirma AMLO que incendio se origin\u00f3 por protesta de migrantes en Ciudad Ju\u00e1rez"},"content":{"rendered":"\n<p>Con&nbsp;<strong>casi cuarenta muertos y m\u00e1s de dos docenas de heridos<\/strong>,&nbsp;el incendio que consumi\u00f3 las instalaciones de un centro migratorio en&nbsp;<strong>Ciudad Ju\u00e1rez, Chihuahua<\/strong>, se ha convertido en uno de los incidentes m\u00e1s mort\u00edferos registrados en alg\u00fan inmueble del Instituto Nacional de Migraci\u00f3n (<strong>INM<\/strong>).<\/p>\n\n\n\n<p>Y aunque la dependencia rechaz\u00f3 los actos \u201cque derivaron en esta tragedia\u201d, no detall\u00f3 en alguna l\u00ednea de investigaci\u00f3n que pudiera esclarecer las causas del siniestro \u2014 y el cual, seg\u00fan medios locales, habr\u00eda sido provocado de manera intencional.<\/p>\n\n\n\n<p>Dicha l\u00ednea fue confirmada horas despu\u00e9s por el propio presidente Andr\u00e9s Manuel&nbsp;<strong>L\u00f3pez Obrador<\/strong>&nbsp;(<strong>AMLO<\/strong>), quien en su conferencia matutina adelant\u00f3 que primeras indagaciones apuntan a que el incendio fue producto&nbsp;<strong>de una protesta migrante,&nbsp;<\/strong>la cual se habr\u00eda salido de control.<\/p>\n\n\n\n<blockquote class=\"wp-block-quote is-layout-flow wp-block-quote-is-layout-flow\"><p>\u201cTuvo que ver con una protesta que ellos iniciaron a partir, suponemos, de que se enteraron que iban a ser deportados y como protesta en la puerta del albergue pusieron colchonetas y les prendieron fuego y&nbsp;<strong>no imaginaron que causar\u00eda esta terrible desgracia<\/strong>\u201d.<\/p><\/blockquote>\n\n\n\n<p>Si bien el informe presidencial refrend\u00f3 lo que medios locales con presencia en el lugar hab\u00edan adelantado \u2014 respecto a un incendio provocado \u2014, el Jefe del Ejecutivo Mexicano no abund\u00f3 en&nbsp;<strong>el presunto lento actuar del personal migratorio<\/strong>&nbsp;ante el siniestro.<\/p>\n\n\n\n<p>As\u00ed lo se\u00f1al\u00f3 el portal&nbsp;<em>El Diario&nbsp;<\/em>que horas antes de&nbsp;<em>la ma\u00f1anera&nbsp;<\/em>dio a conocer que primeras indagaciones de la Fiscal\u00eda General de la Rep\u00fablica (<strong>FGR<\/strong>) se\u00f1alaron al&nbsp;<strong>personal migratorio por no actuar a tiempo<\/strong>&nbsp;al momento de detectarse el fuego.<\/p>\n\n\n\n<p>De acuerdo con los peritos en criminal\u00edstica consultados por el medio con presencia en el estado, los&nbsp;<strong>68 migrantes&nbsp;<\/strong>(en su mayor\u00eda de Venezuela) que se encontraban en espera de ser reubicados habr\u00eda sido trasladados al centro tras&nbsp;<strong>una redada&nbsp;<\/strong>en cruceros de Ciudad Ju\u00e1rez por \u201cactos de molestia\u201d.<\/p>\n\n\n\n<p>As\u00ed pues, y una vez ingresados a la zona de confinamiento del inmueble gubernamental, los extranjeros se atrincheraron y prendieron fuego al lugar.<\/p>\n\n\n\n<p>No obstante, un elemento de la FGR consultado por&nbsp;<em>El Diario&nbsp;<\/em>confirm\u00f3 lo que testimonios consultados por medios hab\u00edan adelantado:&nbsp;<strong>el personal del INM no actu\u00f3 deprisa&nbsp;<\/strong>al momento de detectarse las llamas, provocando que&nbsp;<strong>las personas recluidas no pudieran evacuar&nbsp;<\/strong>y fallecieran por asfixia debido a la intoxicaci\u00f3n.<\/p>\n\n\n\n<blockquote class=\"wp-block-quote is-layout-flow wp-block-quote-is-layout-flow\"><p>\u201cAparentemente no actuaron de manera r\u00e1pida al momento de observar el fuego y las personas que estaban recluidas no pudieron salir y algunas murieron debido a la inhalaci\u00f3n de humo\u201d, explic\u00f3 el portal de acuerdo a lo dicho por su fuente.<\/p><\/blockquote>\n\n\n\n<p>Esto se a\u00fana a la versi\u00f3n que el diario tambi\u00e9n local&nbsp;<em>El Sol de Parral<\/em>&nbsp;hab\u00eda dado a conocer a trav\u00e9s de un sobreviviente, el cual se\u00f1al\u00f3 que un guardia de seguridad habr\u00eda&nbsp;<strong>impedido que los migrantes salieran<\/strong>&nbsp;del lugar \u2014 que contaba con poca o nula ventilaci\u00f3n.<\/p>\n\n\n\n<p>Fuente: <a href=\"https:\/\/www.infobae.com\/mexico\/2023\/03\/28\/tragedia-de-ciudad-juarez-amlo-confirmo-que-incendio-se-origino-por-protesta-de-migrantes\/\" data-type=\"URL\" data-id=\"https:\/\/www.infobae.com\/mexico\/2023\/03\/28\/tragedia-de-ciudad-juarez-amlo-confirmo-que-incendio-se-origino-por-protesta-de-migrantes\/\">Infobae<\/a><\/p>\n","protected":false},"excerpt":{"rendered":"<p>Con&nbsp;casi cuarenta muertos y m\u00e1s de dos docenas de heridos,&nbsp;el incendio que consumi\u00f3 las instalaciones de un centro migratorio en&nbsp;Ciudad Ju\u00e1rez, Chihuahua, se ha convertido en uno de los incidentes m\u00e1s mort\u00edferos registrados en alg\u00fan inmueble del Instituto Nacional de Migraci\u00f3n (INM). Y aunque la dependencia rechaz\u00f3 los actos \u201cque derivaron en esta tragedia\u201d, no [&hellip;]<\/p>\n","protected":false},"author":35,"featured_media":100701,"comment_status":"open","ping_status":"open","sticky":false,"template":"","format":"standard","meta":{"_monsterinsights_skip_tracking":false,"_monsterinsights_sitenote_active":false,"_monsterinsights_sitenote_note":"","_monsterinsights_sitenote_category":0,"footnotes":""},"categories":[157],"tags":[188,11069,8413,310,451,452,24186,162,3492],"class_list":["post-100686","post","type-post","status-publish","format-standard","has-post-thumbnail","hentry","category-nacional","tag-amlo","tag-ciudad-juarez","tag-confirma","tag-incendio","tag-inm","tag-migrantes","tag-origino","tag-portada","tag-protesta","wp-image-borders"],"amp_enabled":true,"_links":{"self":[{"href":"https:\/\/nvnoticias.mx\/index.php\/wp-json\/wp\/v2\/posts\/100686","targetHints":{"allow":["GET"]}}],"collection":[{"href":"https:\/\/nvnoticias.mx\/index.php\/wp-json\/wp\/v2\/posts"}],"about":[{"href":"https:\/\/nvnoticias.mx\/index.php\/wp-json\/wp\/v2\/types\/post"}],"author":[{"embeddable":true,"href":"https:\/\/nvnoticias.mx\/index.php\/wp-json\/wp\/v2\/users\/35"}],"replies":[{"embeddable":true,"href":"https:\/\/nvnoticias.mx\/index.php\/wp-json\/wp\/v2\/comments?post=100686"}],"version-history":[{"count":7,"href":"https:\/\/nvnoticias.mx\/index.php\/wp-json\/wp\/v2\/posts\/100686\/revisions"}],"predecessor-version":[{"id":100703,"href":"https:\/\/nvnoticias.mx\/index.php\/wp-json\/wp\/v2\/posts\/100686\/revisions\/100703"}],"wp:featuredmedia":[{"embeddable":true,"href":"https:\/\/nvnoticias.mx\/index.php\/wp-json\/wp\/v2\/media\/100701"}],"wp:attachment":[{"href":"https:\/\/nvnoticias.mx\/index.php\/wp-json\/wp\/v2\/media?parent=100686"}],"wp:term":[{"taxonomy":"category","embeddable":true,"href":"https:\/\/nvnoticias.mx\/index.php\/wp-json\/wp\/v2\/categories?post=100686"},{"taxonomy":"post_tag","embeddable":true,"href":"https:\/\/nvnoticias.mx\/index.php\/wp-json\/wp\/v2\/tags?post=100686"}],"curies":[{"name":"wp","href":"https:\/\/api.w.org\/{rel}","templated":true}]}}