{"id":10066,"date":"2021-04-06T10:40:57","date_gmt":"2021-04-06T15:40:57","guid":{"rendered":"https:\/\/nvnoticias.mx\/?p=10066"},"modified":"2021-04-06T10:40:58","modified_gmt":"2021-04-06T15:40:58","slug":"un-homicidio-un-menor-y-xcaret","status":"publish","type":"post","link":"https:\/\/nvnoticias.mx\/index.php\/2021\/04\/06\/un-homicidio-un-menor-y-xcaret\/","title":{"rendered":"Un homicidio, un menor y Xcaret"},"content":{"rendered":"\n<p class=\"has-text-align-center\"><strong>(10 puntos para entender el enojo social)<\/strong><\/p>\n\n\n\n<p>\u00bfQu\u00e9 sucedi\u00f3?<\/p>\n\n\n\n<p>Se trata de la muerte de un menor de 13 a\u00f1os en un parque acu\u00e1tico, el menor se encontraba en un recorrido en un rio artificial, nad\u00f3 cerca de un mecanismo de succi\u00f3n o de filtrado de aire, que no contaba con rejilla, eso hizo que quedar\u00e1 la pierna atrapada y sumergido, cuando el padre se da cuenta de esto, lo intenta ayudar, lo saca a la superficie, d\u00e1ndole respiraci\u00f3n artificial, sin embargo, se encontr\u00f3 con una serie de irregularidades que ocasionaron la muerte de su hijo y que pretendieron ocultar la situaci\u00f3n.<\/p>\n\n\n\n<p>Responsabilidad del Parque<\/p>\n\n\n\n<p>1.- Sistema de filtrado de aire no ten\u00eda rejilla.<\/p>\n\n\n\n<p>2.- El personal del parque no ten\u00eda ni contaba los elementos para atender la emergencia.<\/p>\n\n\n\n<p>3.- Los param\u00e9dicos que llegaron no contaban con tanque de ox\u00edgeno.<\/p>\n\n\n\n<p>4.- El traslado en ambulancia al hospital fue de 30 minutos. (Si no hay un hospital cercano, el parque debe considerar tener personal m\u00e9dico e insumos necesarios para atender cualquier emergencia).<\/p>\n\n\n\n<p>Situaciones en el Hospital<\/p>\n\n\n\n<p>5.- Al llegar el hospital no contaban con ning\u00fan m\u00e9dico especialista.<\/p>\n\n\n\n<p>6.- El Padre consigui\u00f3 ambulancia a\u00e9rea para trasladarlo a la Ciudad de M\u00e9xico y el hospital no lo dejo salir (El Padre piensa que lo estaban reteniendo para no salir de Quintana Roo).<\/p>\n\n\n\n<p>7.- El Hospital no inform\u00f3 oportunamente del caso al 911 o al Ministerio P\u00fablico.<\/p>\n\n\n\n<p>8.- Cuando el Padre del menor iba a pagar la cuenta, el Hospital dijo que la cuenta ya estaba pagada y no le quiso informar quien la hab\u00eda pagado. &nbsp;<\/p>\n\n\n\n<p>Otra vez el Parque<\/p>\n\n\n\n<p>9.- Al d\u00eda siguiente que muri\u00f3 el menor, se comunicaron del parque para decirle al Padre que deb\u00edan modificarse el acta de defunci\u00f3n porque hab\u00eda salido que la causa de la muerte era por ahogamiento y que la deb\u00edan de cambiar a otra causa.<\/p>\n\n\n\n<p>La Fiscal\u00eda<\/p>\n\n\n\n<p>10.- Trasladaron el cuerpo del menor al Forense y cuando comparece el Padre, el pretende rendir una declaraci\u00f3n de los hechos y no lo dejan, en cambio, le dicen que tiene que otorgar el perd\u00f3n por cualquier responsabilidad. El padre pide la dispensa de la necropsia y el MP aprovecha para decirle te damos a tu hijo, pero firma el documento donde aceptas que fue un accidente y que nadie fue responsable<\/p>\n\n\n\n<p><strong>\u00bfQu\u00e9 sucedi\u00f3 despu\u00e9s del escandalo medi\u00e1tico?<\/strong><\/p>\n\n\n\n<p>La Fiscal\u00eda Estatal abri\u00f3 una carpeta de investigaci\u00f3n por homicidio culposo, bajo esta tesitura podr\u00edan ser procesados por homicidio el parque (como persona moral) y las personas f\u00edsicas involucradas.<\/p>\n\n\n\n<p class=\"has-text-align-right\"><strong>Lic. Luis Enrique Villalobos Urbina<\/strong><\/p>\n","protected":false},"excerpt":{"rendered":"<p>(10 puntos para entender el enojo social) \u00bfQu\u00e9 sucedi\u00f3? Se trata de la muerte de un menor de 13 a\u00f1os en un parque acu\u00e1tico, el menor se encontraba en un recorrido en un rio artificial, nad\u00f3 cerca de un mecanismo de succi\u00f3n o de filtrado de aire, que no contaba con rejilla, eso hizo que [&hellip;]<\/p>\n","protected":false},"author":25,"featured_media":9650,"comment_status":"open","ping_status":"open","sticky":false,"template":"","format":"standard","meta":{"_monsterinsights_skip_tracking":false,"_monsterinsights_sitenote_active":false,"_monsterinsights_sitenote_note":"","_monsterinsights_sitenote_category":0,"footnotes":""},"categories":[241],"tags":[330],"class_list":["post-10066","post","type-post","status-publish","format-standard","has-post-thumbnail","hentry","category-de-derecho-politica-y-seguridad","tag-luis-enrique-villalobos-urbina","wp-image-borders"],"amp_enabled":true,"_links":{"self":[{"href":"https:\/\/nvnoticias.mx\/index.php\/wp-json\/wp\/v2\/posts\/10066","targetHints":{"allow":["GET"]}}],"collection":[{"href":"https:\/\/nvnoticias.mx\/index.php\/wp-json\/wp\/v2\/posts"}],"about":[{"href":"https:\/\/nvnoticias.mx\/index.php\/wp-json\/wp\/v2\/types\/post"}],"author":[{"embeddable":true,"href":"https:\/\/nvnoticias.mx\/index.php\/wp-json\/wp\/v2\/users\/25"}],"replies":[{"embeddable":true,"href":"https:\/\/nvnoticias.mx\/index.php\/wp-json\/wp\/v2\/comments?post=10066"}],"version-history":[{"count":1,"href":"https:\/\/nvnoticias.mx\/index.php\/wp-json\/wp\/v2\/posts\/10066\/revisions"}],"predecessor-version":[{"id":10067,"href":"https:\/\/nvnoticias.mx\/index.php\/wp-json\/wp\/v2\/posts\/10066\/revisions\/10067"}],"wp:featuredmedia":[{"embeddable":true,"href":"https:\/\/nvnoticias.mx\/index.php\/wp-json\/wp\/v2\/media\/9650"}],"wp:attachment":[{"href":"https:\/\/nvnoticias.mx\/index.php\/wp-json\/wp\/v2\/media?parent=10066"}],"wp:term":[{"taxonomy":"category","embeddable":true,"href":"https:\/\/nvnoticias.mx\/index.php\/wp-json\/wp\/v2\/categories?post=10066"},{"taxonomy":"post_tag","embeddable":true,"href":"https:\/\/nvnoticias.mx\/index.php\/wp-json\/wp\/v2\/tags?post=10066"}],"curies":[{"name":"wp","href":"https:\/\/api.w.org\/{rel}","templated":true}]}}