{"id":100606,"date":"2023-03-27T14:10:13","date_gmt":"2023-03-27T20:10:13","guid":{"rendered":"https:\/\/nvnoticias.mx\/?p=100606"},"modified":"2023-03-27T14:10:14","modified_gmt":"2023-03-27T20:10:14","slug":"el-regidor-sebastian-n-no-ha-notificado-al-ayuntamiento-sobre-su-caso-paty-lobeira","status":"publish","type":"post","link":"https:\/\/nvnoticias.mx\/index.php\/2023\/03\/27\/el-regidor-sebastian-n-no-ha-notificado-al-ayuntamiento-sobre-su-caso-paty-lobeira\/","title":{"rendered":"El regidor Sebasti\u00e1n N no ha notificado al Ayuntamiento sobre su caso: Paty Lobeira"},"content":{"rendered":"\n<p><strong>Jes\u00fas Utrilla \/ NV Noticias<\/strong><\/p>\n\n\n\n<p>El regidor de Morena, Sebasti\u00e1n N, no ha notificado al Ayuntamiento de Veracruz sobre su ausencia y el proceso que sigue por las denuncias presentadas en su contra, por presunto acoso y abuso sexual, se\u00f1al\u00f3 la alcaldesa de Veracruz, Patricia Lobeira Rodr\u00edguez.<\/p>\n\n\n\n<p>Dijo que ser\u00e1n la autoridad quien deban de realizar las investigaciones necesarias, sin embargo, el ayuntamiento tiene contacto con el regidor de Morena.<\/p>\n\n\n\n<blockquote class=\"wp-block-quote is-layout-flow wp-block-quote-is-layout-flow\"><p>\u201c<em>No hemos tenido ning\u00fan contacto con la regidur\u00eda, lo que nosotros sabemos es a trav\u00e9s de las noticias, de las redes sociales, vi que se manifestaron unas mujeres en su regidur\u00eda, sin embargo, no tenemos ning\u00fan comunicado de parte del regidor<\/em>\u201d.<\/p><\/blockquote>\n\n\n\n<p><strong>ACUEDUCTO<\/strong><\/p>\n\n\n\n<p>La presidenta municipal en coordinaci\u00f3n con el IMA y Grupo MAS present\u00f3 el proyecto de construcci\u00f3n de un acueducto del r\u00edo Cotaxtla a Jamapa.<\/p>\n\n\n\n<p>Dijo que el abasto de agua es una de las solicitudes m\u00e1s recurrentes de los veracruzanos, pues aument\u00f3 la demanda del elemento por el crecimiento demogr\u00e1fico.<\/p>\n\n\n\n<p>En febrero de 2022 con apoyo del Instituto Metropolitano del Agua hubo reuniones con Grupo MAS para intercambiar ideas y remediar la baja de agua potable en \u00e9poca de estiaje, que agudiz\u00f3 en los \u00faltimos cuatros a\u00f1os por la escasa lluvia.<\/p>\n\n\n\n<p>El proyecto mencionado ser\u00e1 la tercera captaci\u00f3n de la planta potabilizadora desde el r\u00edo Cotaxtla hasta El Tejar. Ser\u00e1 uno de los principales proyectos hidr\u00e1ulicos de la regi\u00f3n y una\u00a0 soluci\u00f3n contundente.<\/p>\n\n\n\n<p>Suministrar\u00e1 agua a otras fuentes de abastecimiento a beneficio de 400 mil usuarios de los tres municipios. A trav\u00e9s de la eficiente recolecci\u00f3n del agua se asegurar\u00e1 la disposici\u00f3n en las colonias\u00a0 y se anticipar\u00e1n soluciones a una crisis mayor.<\/p>\n","protected":false},"excerpt":{"rendered":"<p>Jes\u00fas Utrilla \/ NV Noticias El regidor de Morena, Sebasti\u00e1n N, no ha notificado al Ayuntamiento de Veracruz sobre su ausencia y el proceso que sigue por las denuncias presentadas en su contra, por presunto acoso y abuso sexual, se\u00f1al\u00f3 la alcaldesa de Veracruz, Patricia Lobeira Rodr\u00edguez. Dijo que ser\u00e1n la autoridad quien deban de [&hellip;]<\/p>\n","protected":false},"author":8,"featured_media":100607,"comment_status":"open","ping_status":"open","sticky":false,"template":"","format":"standard","meta":{"_monsterinsights_skip_tracking":false,"_monsterinsights_sitenote_active":false,"_monsterinsights_sitenote_note":"","_monsterinsights_sitenote_category":0,"footnotes":""},"categories":[154],"tags":[4258,3008,24094],"class_list":["post-100606","post","type-post","status-publish","format-standard","has-post-thumbnail","hentry","category-veracruz","tag-paty-lobeira-de-yunes","tag-regidor","tag-sebastian-n","wp-image-borders"],"amp_enabled":true,"_links":{"self":[{"href":"https:\/\/nvnoticias.mx\/index.php\/wp-json\/wp\/v2\/posts\/100606","targetHints":{"allow":["GET"]}}],"collection":[{"href":"https:\/\/nvnoticias.mx\/index.php\/wp-json\/wp\/v2\/posts"}],"about":[{"href":"https:\/\/nvnoticias.mx\/index.php\/wp-json\/wp\/v2\/types\/post"}],"author":[{"embeddable":true,"href":"https:\/\/nvnoticias.mx\/index.php\/wp-json\/wp\/v2\/users\/8"}],"replies":[{"embeddable":true,"href":"https:\/\/nvnoticias.mx\/index.php\/wp-json\/wp\/v2\/comments?post=100606"}],"version-history":[{"count":1,"href":"https:\/\/nvnoticias.mx\/index.php\/wp-json\/wp\/v2\/posts\/100606\/revisions"}],"predecessor-version":[{"id":100608,"href":"https:\/\/nvnoticias.mx\/index.php\/wp-json\/wp\/v2\/posts\/100606\/revisions\/100608"}],"wp:featuredmedia":[{"embeddable":true,"href":"https:\/\/nvnoticias.mx\/index.php\/wp-json\/wp\/v2\/media\/100607"}],"wp:attachment":[{"href":"https:\/\/nvnoticias.mx\/index.php\/wp-json\/wp\/v2\/media?parent=100606"}],"wp:term":[{"taxonomy":"category","embeddable":true,"href":"https:\/\/nvnoticias.mx\/index.php\/wp-json\/wp\/v2\/categories?post=100606"},{"taxonomy":"post_tag","embeddable":true,"href":"https:\/\/nvnoticias.mx\/index.php\/wp-json\/wp\/v2\/tags?post=100606"}],"curies":[{"name":"wp","href":"https:\/\/api.w.org\/{rel}","templated":true}]}}