{"id":100592,"date":"2023-03-27T13:21:38","date_gmt":"2023-03-27T19:21:38","guid":{"rendered":"https:\/\/nvnoticias.mx\/?p=100592"},"modified":"2023-03-27T13:21:40","modified_gmt":"2023-03-27T19:21:40","slug":"muere-boxeador-ucraniano-en-combate-contra-rusia","status":"publish","type":"post","link":"https:\/\/nvnoticias.mx\/index.php\/2023\/03\/27\/muere-boxeador-ucraniano-en-combate-contra-rusia\/","title":{"rendered":"Muere boxeador ucraniano en combate contra Rusia"},"content":{"rendered":"\n<p>El boxeador ucraniano\u00a0Maksym Galinichev, que obtuvo la medalla de oro en el Campeonato Europeo Junior de 2017 y renunci\u00f3 a participar en el europeo del a\u00f1o pasado para seguir defendiendo a su pa\u00eds, muri\u00f3 el pasado 10 de marzo en combate en la regi\u00f3n oriental de\u00a0Lugansk, seg\u00fan se inform\u00f3 este lunes.<\/p>\n\n\n\n<p>Seg\u00fan informan medios ucranianos, el deportista de 22 a\u00f1os se hab\u00eda alistado al ej\u00e9rcito como voluntario y hab\u00eda regresado al frente pese a haber resultado herido en la guerra en dos ocasiones.<\/p>\n\n\n\n<p>Galinichev era uno de los j\u00f3venes deportistas ucranianos m\u00e1s prometedores. En 2018 consigui\u00f3 la plata en los Juegos Ol\u00edmpicos de la Juventud, y volvi\u00f3 a subir al podio como segundo en el campeonato europeo sub-22 celebrado en 2021.<\/p>\n\n\n\n<p>El joven boxeador ca\u00eddo en combate formaba parte de la brigada de tropas de asalto aerotransportadas Sicheslav n\u00famero 25.<\/p>\n\n\n\n<p>Tanto el Gobierno como las federaciones deportivas ucranianas y el Comit\u00e9 Ol\u00edmpico Nacional del pa\u00eds exigen la exclusi\u00f3n de todos los atletas rusos y bielorrusos de todas las competiciones deportivas, incluidos los Juegos Ol\u00edmpicos, como castigo por la invasi\u00f3n rusa a gran escala de Ucrania, que cuenta con el apoyo de Bielorrusia.<\/p>\n\n\n\n<p>Seg\u00fan las autoridades ucranianas, m\u00e1s de 230 atletas y deportistas ucranianos de distintos niveles han muerto como consecuencia de la agresi\u00f3n militar rusa, que tambi\u00e9n ha destruido numerosas instalaciones deportivas.<\/p>\n\n\n\n<p>Fuente: <strong><a href=\"https:\/\/www.tudn.com\/boxeo\/boxeador-ucraniano-maksym-galinichev-muere-combate-contra-rusia\">TUDN<\/a><\/strong><\/p>\n","protected":false},"excerpt":{"rendered":"<p>El boxeador ucraniano\u00a0Maksym Galinichev, que obtuvo la medalla de oro en el Campeonato Europeo Junior de 2017 y renunci\u00f3 a participar en el europeo del a\u00f1o pasado para seguir defendiendo a su pa\u00eds, muri\u00f3 el pasado 10 de marzo en combate en la regi\u00f3n oriental de\u00a0Lugansk, seg\u00fan se inform\u00f3 este lunes. Seg\u00fan informan medios ucranianos, [&hellip;]<\/p>\n","protected":false},"author":8,"featured_media":100595,"comment_status":"open","ping_status":"open","sticky":false,"template":"","format":"standard","meta":{"_monsterinsights_skip_tracking":false,"_monsterinsights_sitenote_active":false,"_monsterinsights_sitenote_note":"","_monsterinsights_sitenote_category":0,"footnotes":""},"categories":[159],"tags":[14980,8282,9577],"class_list":["post-100592","post","type-post","status-publish","format-standard","has-post-thumbnail","hentry","category-deportes","tag-boxeador","tag-combate","tag-rusia-ucrania","wp-image-borders"],"amp_enabled":true,"_links":{"self":[{"href":"https:\/\/nvnoticias.mx\/index.php\/wp-json\/wp\/v2\/posts\/100592","targetHints":{"allow":["GET"]}}],"collection":[{"href":"https:\/\/nvnoticias.mx\/index.php\/wp-json\/wp\/v2\/posts"}],"about":[{"href":"https:\/\/nvnoticias.mx\/index.php\/wp-json\/wp\/v2\/types\/post"}],"author":[{"embeddable":true,"href":"https:\/\/nvnoticias.mx\/index.php\/wp-json\/wp\/v2\/users\/8"}],"replies":[{"embeddable":true,"href":"https:\/\/nvnoticias.mx\/index.php\/wp-json\/wp\/v2\/comments?post=100592"}],"version-history":[{"count":1,"href":"https:\/\/nvnoticias.mx\/index.php\/wp-json\/wp\/v2\/posts\/100592\/revisions"}],"predecessor-version":[{"id":100596,"href":"https:\/\/nvnoticias.mx\/index.php\/wp-json\/wp\/v2\/posts\/100592\/revisions\/100596"}],"wp:featuredmedia":[{"embeddable":true,"href":"https:\/\/nvnoticias.mx\/index.php\/wp-json\/wp\/v2\/media\/100595"}],"wp:attachment":[{"href":"https:\/\/nvnoticias.mx\/index.php\/wp-json\/wp\/v2\/media?parent=100592"}],"wp:term":[{"taxonomy":"category","embeddable":true,"href":"https:\/\/nvnoticias.mx\/index.php\/wp-json\/wp\/v2\/categories?post=100592"},{"taxonomy":"post_tag","embeddable":true,"href":"https:\/\/nvnoticias.mx\/index.php\/wp-json\/wp\/v2\/tags?post=100592"}],"curies":[{"name":"wp","href":"https:\/\/api.w.org\/{rel}","templated":true}]}}