{"id":100570,"date":"2023-03-27T12:27:12","date_gmt":"2023-03-27T18:27:12","guid":{"rendered":"https:\/\/nvnoticias.mx\/?p=100570"},"modified":"2023-03-27T12:27:12","modified_gmt":"2023-03-27T18:27:12","slug":"maria-de-lourdes-lleva-12-dias-desaparecida-en-xalapa","status":"publish","type":"post","link":"https:\/\/nvnoticias.mx\/index.php\/2023\/03\/27\/maria-de-lourdes-lleva-12-dias-desaparecida-en-xalapa\/","title":{"rendered":"Mar\u00eda de Lourdes lleva 12 d\u00edas desaparecida en Xalapa"},"content":{"rendered":"\n<p><strong>Sam Ojeda \/ NV Noticias<\/strong><\/p>\n\n\n\n<p>Xalapa.- El pasado 15 de marzo desapareci\u00f3 Mar\u00eda de Lourdes Barrientos Jim\u00e9nez de 58 a\u00f1os en Xalapa; su hijo Marcos Huerta Barrientos afirma que aunque la Fiscal\u00eda General de Veracruz (FGE) abri\u00f3 una investigaci\u00f3n sobre el caso, no hay avances.<\/p>\n\n\n\n<p>Dijo que su madre ha fungido como jefa de manzana de la colonia Tatahuicapan, donde vive y que el d\u00eda de su desaparici\u00f3n sali\u00f3 cerca del medio d\u00eda de su hogar pero ya no regres\u00f3.<\/p>\n\n\n\n<p>Coment\u00f3 que su madre padece de diabetes e hipertensi\u00f3n y aunque han pasado 12 d\u00edas de su desaparici\u00f3n, las autoridades no les han informado sobre alg\u00fan avance en la investigaci\u00f3n.<\/p>\n\n\n\n<blockquote class=\"wp-block-quote is-layout-flow wp-block-quote-is-layout-flow\"><p>\u201c<em>No hemos tenido gran respuesta de ellos, traen una investigaci\u00f3n pero no es completa. Se ha preguntado a los vecinos pero no tenemos informaci\u00f3n<\/em>\u201d.<\/p><\/blockquote>\n\n\n\n<p>Dijo que su madre vive con su hermana y su esposo pero nadie tiene informaci\u00f3n sobre su paradero.<\/p>\n","protected":false},"excerpt":{"rendered":"<p>Sam Ojeda \/ NV Noticias Xalapa.- El pasado 15 de marzo desapareci\u00f3 Mar\u00eda de Lourdes Barrientos Jim\u00e9nez de 58 a\u00f1os en Xalapa; su hijo Marcos Huerta Barrientos afirma que aunque la Fiscal\u00eda General de Veracruz (FGE) abri\u00f3 una investigaci\u00f3n sobre el caso, no hay avances. Dijo que su madre ha fungido como jefa de manzana [&hellip;]<\/p>\n","protected":false},"author":8,"featured_media":100571,"comment_status":"open","ping_status":"open","sticky":false,"template":"","format":"standard","meta":{"_monsterinsights_skip_tracking":false,"_monsterinsights_sitenote_active":false,"_monsterinsights_sitenote_note":"","_monsterinsights_sitenote_category":0,"footnotes":""},"categories":[156],"tags":[2910,24172,312],"class_list":["post-100570","post","type-post","status-publish","format-standard","has-post-thumbnail","hentry","category-estado","tag-desaparecida","tag-maria-de-lourdes","tag-xalapa","wp-image-borders"],"amp_enabled":true,"_links":{"self":[{"href":"https:\/\/nvnoticias.mx\/index.php\/wp-json\/wp\/v2\/posts\/100570","targetHints":{"allow":["GET"]}}],"collection":[{"href":"https:\/\/nvnoticias.mx\/index.php\/wp-json\/wp\/v2\/posts"}],"about":[{"href":"https:\/\/nvnoticias.mx\/index.php\/wp-json\/wp\/v2\/types\/post"}],"author":[{"embeddable":true,"href":"https:\/\/nvnoticias.mx\/index.php\/wp-json\/wp\/v2\/users\/8"}],"replies":[{"embeddable":true,"href":"https:\/\/nvnoticias.mx\/index.php\/wp-json\/wp\/v2\/comments?post=100570"}],"version-history":[{"count":1,"href":"https:\/\/nvnoticias.mx\/index.php\/wp-json\/wp\/v2\/posts\/100570\/revisions"}],"predecessor-version":[{"id":100572,"href":"https:\/\/nvnoticias.mx\/index.php\/wp-json\/wp\/v2\/posts\/100570\/revisions\/100572"}],"wp:featuredmedia":[{"embeddable":true,"href":"https:\/\/nvnoticias.mx\/index.php\/wp-json\/wp\/v2\/media\/100571"}],"wp:attachment":[{"href":"https:\/\/nvnoticias.mx\/index.php\/wp-json\/wp\/v2\/media?parent=100570"}],"wp:term":[{"taxonomy":"category","embeddable":true,"href":"https:\/\/nvnoticias.mx\/index.php\/wp-json\/wp\/v2\/categories?post=100570"},{"taxonomy":"post_tag","embeddable":true,"href":"https:\/\/nvnoticias.mx\/index.php\/wp-json\/wp\/v2\/tags?post=100570"}],"curies":[{"name":"wp","href":"https:\/\/api.w.org\/{rel}","templated":true}]}}