{"id":10052,"date":"2021-04-06T09:56:20","date_gmt":"2021-04-06T14:56:20","guid":{"rendered":"https:\/\/nvnoticias.mx\/?p=10052"},"modified":"2021-04-06T09:56:21","modified_gmt":"2021-04-06T14:56:21","slug":"episcopado-se-deslinda-de-candidatura-del-obispo","status":"publish","type":"post","link":"https:\/\/nvnoticias.mx\/index.php\/2021\/04\/06\/episcopado-se-deslinda-de-candidatura-del-obispo\/","title":{"rendered":"Episcopado se deslinda de candidatura del obispo On\u00e9simo Cepeda"},"content":{"rendered":"\n<p>El\u00a0Episcopado de M\u00e9xico\u00a0se deslind\u00f3 de todo\u00a0acto pol\u00edtico\u00a0que realice el obispo em\u00e9rito de Ecatepec,\u00a0<strong>On\u00e9simo Cepeda Silva<\/strong>, quien se registr\u00f3 como precandidato a diputado local por el partido\u00a0Fuerza por M\u00e9xico.\u00a0<\/p>\n\n\n\n<p>A trav\u00e9s de un comunicado, el Episcopado aclar\u00f3 que Cepeda Silva a\u00fan est\u00e1 sujeto al Derecho Can\u00f3nico vigente al ser miembro de la Conferencia Episcopal Mexicana como\u00a0obispo em\u00e9rito de la Di\u00f3cesis de Ecatepec, sin oficio eclesi\u00e1stico actual.<\/p>\n\n\n\n<p>En el escrito detall\u00f3 algunos de los c\u00e1nones establecidos y que son aplicables a los cl\u00e9rigos, especialmente a obispos y sacerdotes. Entre ellos destaca la prohibici\u00f3n a los cl\u00e9rigos de <em>\u201caceptar aquellos\u00a0cargos p\u00fablicos, que llevan consigo una participaci\u00f3n en el ejercicio de la potestad civil\u201d.<\/em><\/p>\n\n\n\n<figure class=\"wp-block-embed is-type-rich is-provider-twitter wp-block-embed-twitter\"><div class=\"wp-block-embed__wrapper\">\n<blockquote class=\"twitter-tweet\" data-width=\"550\" data-dnt=\"true\"><p lang=\"es\" dir=\"ltr\">La CEM se deslinda de todo acto pol\u00edtico, que a t\u00edtulo personal realice Mons. Cepeda, no ejerciendo por ello, ni de voz ni de acci\u00f3n, representatividad oficial de la Iglesia Cat\u00f3lica. ????  <a href=\"https:\/\/t.co\/iqB8y2vmSR\">https:\/\/t.co\/iqB8y2vmSR<\/a> <a href=\"https:\/\/t.co\/PoPWkJIOq0\">pic.twitter.com\/PoPWkJIOq0<\/a><\/p>&mdash; CEM (@IglesiaMexico) <a href=\"https:\/\/twitter.com\/IglesiaMexico\/status\/1379181714694635521?ref_src=twsrc%5Etfw\">April 5, 2021<\/a><\/blockquote><script async src=\"https:\/\/platform.twitter.com\/widgets.js\" charset=\"utf-8\"><\/script>\n<\/div><\/figure>\n\n\n\n<p>Adem\u00e1s de que no se les permite <em>\u201cparticipar activamente en los\u00a0<strong>partidos pol\u00edticos\u00a0<\/strong>ni en la direcci\u00f3n de asociaciones sindicales, a no ser que, seg\u00fan el juicio de la autoridad eclesi\u00e1stica competente, lo exijan la defensa de los derechos de la Iglesia o la promoci\u00f3n del bien com\u00fan\u201d.\u00a0<\/em><\/p>\n\n\n\n<p>Si bien precis\u00f3 que no se tiene registro de que On\u00e9simo Cepeda haya pedido ni recibido permiso prescrito por las leyes can\u00f3nicas, explic\u00f3 qu<em>e \u201cest\u00e1 sujeto a las leyes mexicanas y corresponde a las instituciones del Estado a dar o no, validez y aprobaci\u00f3n a su candidatura\u201d.<\/em><\/p>\n\n\n\n<p>Fuente: El Universal<\/p>\n","protected":false},"excerpt":{"rendered":"<p>El\u00a0Episcopado de M\u00e9xico\u00a0se deslind\u00f3 de todo\u00a0acto pol\u00edtico\u00a0que realice el obispo em\u00e9rito de Ecatepec,\u00a0On\u00e9simo Cepeda Silva, quien se registr\u00f3 como precandidato a diputado local por el partido\u00a0Fuerza por M\u00e9xico.\u00a0 A trav\u00e9s de un comunicado, el Episcopado aclar\u00f3 que Cepeda Silva a\u00fan est\u00e1 sujeto al Derecho Can\u00f3nico vigente al ser miembro de la Conferencia Episcopal Mexicana como\u00a0obispo [&hellip;]<\/p>\n","protected":false},"author":6,"featured_media":10053,"comment_status":"open","ping_status":"open","sticky":false,"template":"","format":"standard","meta":{"_monsterinsights_skip_tracking":false,"_monsterinsights_sitenote_active":false,"_monsterinsights_sitenote_note":"","_monsterinsights_sitenote_category":0,"footnotes":""},"categories":[158],"tags":[2829,292,731,2830],"class_list":["post-10052","post","type-post","status-publish","format-standard","has-post-thumbnail","hentry","category-politica","tag-episcopado","tag-mexico","tag-obispo","tag-onesimo-cepeda","wp-image-borders"],"amp_enabled":true,"_links":{"self":[{"href":"https:\/\/nvnoticias.mx\/index.php\/wp-json\/wp\/v2\/posts\/10052","targetHints":{"allow":["GET"]}}],"collection":[{"href":"https:\/\/nvnoticias.mx\/index.php\/wp-json\/wp\/v2\/posts"}],"about":[{"href":"https:\/\/nvnoticias.mx\/index.php\/wp-json\/wp\/v2\/types\/post"}],"author":[{"embeddable":true,"href":"https:\/\/nvnoticias.mx\/index.php\/wp-json\/wp\/v2\/users\/6"}],"replies":[{"embeddable":true,"href":"https:\/\/nvnoticias.mx\/index.php\/wp-json\/wp\/v2\/comments?post=10052"}],"version-history":[{"count":1,"href":"https:\/\/nvnoticias.mx\/index.php\/wp-json\/wp\/v2\/posts\/10052\/revisions"}],"predecessor-version":[{"id":10054,"href":"https:\/\/nvnoticias.mx\/index.php\/wp-json\/wp\/v2\/posts\/10052\/revisions\/10054"}],"wp:featuredmedia":[{"embeddable":true,"href":"https:\/\/nvnoticias.mx\/index.php\/wp-json\/wp\/v2\/media\/10053"}],"wp:attachment":[{"href":"https:\/\/nvnoticias.mx\/index.php\/wp-json\/wp\/v2\/media?parent=10052"}],"wp:term":[{"taxonomy":"category","embeddable":true,"href":"https:\/\/nvnoticias.mx\/index.php\/wp-json\/wp\/v2\/categories?post=10052"},{"taxonomy":"post_tag","embeddable":true,"href":"https:\/\/nvnoticias.mx\/index.php\/wp-json\/wp\/v2\/tags?post=10052"}],"curies":[{"name":"wp","href":"https:\/\/api.w.org\/{rel}","templated":true}]}}