{"id":100425,"date":"2023-03-26T09:01:40","date_gmt":"2023-03-26T15:01:40","guid":{"rendered":"https:\/\/nvnoticias.mx\/?p=100425"},"modified":"2023-03-26T09:01:41","modified_gmt":"2023-03-26T15:01:41","slug":"regidor-de-morena-debe-aclarar-sus-senalamientos-y-no-otros-ediles-del-mismo-partido","status":"publish","type":"post","link":"https:\/\/nvnoticias.mx\/index.php\/2023\/03\/26\/regidor-de-morena-debe-aclarar-sus-senalamientos-y-no-otros-ediles-del-mismo-partido\/","title":{"rendered":"Regidor de Morena debe aclarar sus se\u00f1alamientos y no otros ediles del mismo partido"},"content":{"rendered":"\n<p><strong>Jes\u00fas Utrilla |<\/strong> <strong>NV Noticias<\/strong>&nbsp;<\/p>\n\n\n\n<p>Veracruz. \u2013&nbsp;&nbsp;El regidor de Morena del Ayuntamiento de Veracruz, Daniel Mart\u00edn Lois pidi\u00f3 que los cuestionamientos de su hom\u00f3logo y compa\u00f1ero de partido, Sebasti\u00e1n Cano Rodr\u00edguez, se pregunten directamente con \u00e9l.<\/p>\n\n\n\n<p>Aunque el edil acusado de supuesto abuso sexual interpuso una denuncia ante la Fiscal\u00eda General del Estado por el supuesto atentado del que fue v\u00edctima la noche del pasado mi\u00e9rcoles 22 de marzo, Mart\u00edn Lois prefiri\u00f3 no opinar. Admiti\u00f3 que s\u00ed habl\u00f3 con \u00e9l pero no detall\u00f3 al respecto.<\/p>\n\n\n\n<blockquote class=\"wp-block-quote is-layout-flow wp-block-quote-is-layout-flow\"><p>\u201cNo tengo el dato exacto del tema, los temas que tengan que ver con Sebasti\u00e1n deber\u00edan pregunt\u00e1rselo directamente a \u00e9l para no generar percepci\u00f3n de chisme. Se que le pas\u00f3 algo pero no se. Prefiero que le pregunten directamente a \u00e9l\u201d.<\/p><\/blockquote>\n\n\n\n<p>Cabe recordar que se menciona que suman 16 se\u00f1alamientos en contra de Sebasti\u00e1n Cano por supuesto acoso y abuso.<\/p>\n\n\n\n<p>La regidora priista Bel\u00e9n Palmeros Exome, dijo que al menos 16 mujeres se\u00f1alan al regidor de Morena y ser\u00e1n 7 mujeres quienes denuncien ante la Fiscal\u00eda General del Estado.<\/p>\n\n\n\n<p>Las denuncias fueron hechas a trav\u00e9s de redes sociales y ella como regidora se acerc\u00f3 a las presuntas v\u00edctimas porque debe denunciarse formalmente para que se realice la investigaci\u00f3n.<\/p>\n\n\n\n<p>Por su parte Sebasti\u00e1n Cano Rodr\u00edguez interpuso una denuncia ante la Fiscal\u00eda General del Estado por presunto atentado.<\/p>\n\n\n\n<p>El regidor sexto del Ayuntamiento de Veracruz indic\u00f3 que se encontraba a bordo de su veh\u00edculo cuando fue interceptado por hombres armados que lo amenazaron e intentaron secuestrarlo.<\/p>\n","protected":false},"excerpt":{"rendered":"<p>Jes\u00fas Utrilla | NV Noticias&nbsp; Veracruz. \u2013&nbsp;&nbsp;El regidor de Morena del Ayuntamiento de Veracruz, Daniel Mart\u00edn Lois pidi\u00f3 que los cuestionamientos de su hom\u00f3logo y compa\u00f1ero de partido, Sebasti\u00e1n Cano Rodr\u00edguez, se pregunten directamente con \u00e9l. Aunque el edil acusado de supuesto abuso sexual interpuso una denuncia ante la Fiscal\u00eda General del Estado por el [&hellip;]<\/p>\n","protected":false},"author":6,"featured_media":100426,"comment_status":"open","ping_status":"open","sticky":false,"template":"","format":"standard","meta":{"_monsterinsights_skip_tracking":false,"_monsterinsights_sitenote_active":false,"_monsterinsights_sitenote_note":"","_monsterinsights_sitenote_category":0,"footnotes":""},"categories":[154],"tags":[252],"class_list":["post-100425","post","type-post","status-publish","format-standard","has-post-thumbnail","hentry","category-veracruz","tag-morena","wp-image-borders"],"amp_enabled":true,"_links":{"self":[{"href":"https:\/\/nvnoticias.mx\/index.php\/wp-json\/wp\/v2\/posts\/100425","targetHints":{"allow":["GET"]}}],"collection":[{"href":"https:\/\/nvnoticias.mx\/index.php\/wp-json\/wp\/v2\/posts"}],"about":[{"href":"https:\/\/nvnoticias.mx\/index.php\/wp-json\/wp\/v2\/types\/post"}],"author":[{"embeddable":true,"href":"https:\/\/nvnoticias.mx\/index.php\/wp-json\/wp\/v2\/users\/6"}],"replies":[{"embeddable":true,"href":"https:\/\/nvnoticias.mx\/index.php\/wp-json\/wp\/v2\/comments?post=100425"}],"version-history":[{"count":1,"href":"https:\/\/nvnoticias.mx\/index.php\/wp-json\/wp\/v2\/posts\/100425\/revisions"}],"predecessor-version":[{"id":100427,"href":"https:\/\/nvnoticias.mx\/index.php\/wp-json\/wp\/v2\/posts\/100425\/revisions\/100427"}],"wp:featuredmedia":[{"embeddable":true,"href":"https:\/\/nvnoticias.mx\/index.php\/wp-json\/wp\/v2\/media\/100426"}],"wp:attachment":[{"href":"https:\/\/nvnoticias.mx\/index.php\/wp-json\/wp\/v2\/media?parent=100425"}],"wp:term":[{"taxonomy":"category","embeddable":true,"href":"https:\/\/nvnoticias.mx\/index.php\/wp-json\/wp\/v2\/categories?post=100425"},{"taxonomy":"post_tag","embeddable":true,"href":"https:\/\/nvnoticias.mx\/index.php\/wp-json\/wp\/v2\/tags?post=100425"}],"curies":[{"name":"wp","href":"https:\/\/api.w.org\/{rel}","templated":true}]}}