{"id":1004,"date":"2021-01-13T09:56:20","date_gmt":"2021-01-13T15:56:20","guid":{"rendered":"https:\/\/nvnoticias.mx\/?p=1004"},"modified":"2021-01-13T10:03:03","modified_gmt":"2021-01-13T16:03:03","slug":"aplican-vacunas-covid-en-el-hospital-general-de-veracruz","status":"publish","type":"post","link":"https:\/\/nvnoticias.mx\/index.php\/2021\/01\/13\/aplican-vacunas-covid-en-el-hospital-general-de-veracruz\/","title":{"rendered":"Aplican vacunas COVID en el Hospital General de Veracruz"},"content":{"rendered":"\n<p><strong>Jes\u00fas Utrilla \/ NV Noticias<\/strong><\/p>\n\n\n\n<p><br>Comenz\u00f3 la aplicaci\u00f3n de vacunas contra el COVID- 19 en el Hospital General de Veracruz.<\/p>\n\n\n\n<p>Ser\u00e1n aproximadamente <strong>mil 800 dosis <\/strong>a suministrar a quienes atienden a los pacientes del cuarto y quinto piso, mismos que fueron destinados para tener el coronavirus.<\/p>\n\n\n\n<div class=\"wp-block-image\"><figure class=\"aligncenter size-large\"><img loading=\"lazy\" decoding=\"async\" width=\"960\" height=\"640\" src=\"https:\/\/nvnoticias.mx\/wp-content\/uploads\/2021\/01\/vacuna-veracruz-hgv.jpeg\" alt=\"\" class=\"wp-image-1009\" srcset=\"https:\/\/nvnoticias.mx\/wp-content\/uploads\/2021\/01\/vacuna-veracruz-hgv.jpeg 960w, https:\/\/nvnoticias.mx\/wp-content\/uploads\/2021\/01\/vacuna-veracruz-hgv-300x200.jpeg 300w, https:\/\/nvnoticias.mx\/wp-content\/uploads\/2021\/01\/vacuna-veracruz-hgv-768x512.jpeg 768w\" sizes=\"auto, (max-width: 960px) 100vw, 960px\" \/><\/figure><\/div>\n\n\n\n<p>La secretaria general de la Secci\u00f3n 40 del Sindicato Nacional de Trabajadores de la Secretar\u00eda de Salud (SNTSS), Elizabeth Melquiades Rodr\u00edguez, dijo que le solicitaron una lista con los nombres de los m\u00e9dicos y enfermeras que est\u00e1n trabajando en la primer l\u00ednea de acci\u00f3n para que reciban el biol\u00f3gico y prevenir de esta forma que se contagien de coronavirus.<\/p>\n\n\n\n<p>Explic\u00f3 que desde la noche del martes fue instalado el m\u00f3dulo de vacunaci\u00f3n del interior del nosocomio para iniciar la jornada de aplicaci\u00f3n de vacunas, luego que llegaran&nbsp; cerca de 14 mil dosis al Aeropuerto Internacional Heriberto Jara Corona.<\/p>\n\n\n\n<blockquote class=\"wp-block-quote is-layout-flow wp-block-quote-is-layout-flow\"><p>\u201cSer\u00e1 a quienes est\u00e1n manejando pacientes covid entre m\u00e9dicos y enfermeras, todo lo que es el \u00e1rea Covid. Nos dieron para todos los trabajadores porque se hizo una relaci\u00f3n para todo el personal y sobre esa relaci\u00f3n se pidi\u00f3 el n\u00famero de vacuna. Son aproximadamente mil 800 vacunas que nos tendr\u00edan que estar dando\u201d.<\/p><\/blockquote>\n\n\n\n<p>En la Unidad M\u00e9dica de Alta Especialidad n\u00famero 14 del IMSS, ubicada en avenida Cuauht\u00e9moc, tambi\u00e9n se puso en marcha la jornada de vacunaci\u00f3n.<\/p>\n","protected":false},"excerpt":{"rendered":"<p>Jes\u00fas Utrilla \/ NV Noticias Comenz\u00f3 la aplicaci\u00f3n de vacunas contra el COVID- 19 en el Hospital General de Veracruz. Ser\u00e1n aproximadamente mil 800 dosis a suministrar a quienes atienden a los pacientes del cuarto y quinto piso, mismos que fueron destinados para tener el coronavirus. La secretaria general de la Secci\u00f3n 40 del Sindicato [&hellip;]<\/p>\n","protected":false},"author":6,"featured_media":1008,"comment_status":"open","ping_status":"open","sticky":false,"template":"","format":"standard","meta":{"_monsterinsights_skip_tracking":false,"_monsterinsights_sitenote_active":false,"_monsterinsights_sitenote_note":"","_monsterinsights_sitenote_category":0,"footnotes":""},"categories":[154],"tags":[175,162,217,180],"class_list":["post-1004","post","type-post","status-publish","format-standard","has-post-thumbnail","hentry","category-veracruz","tag-covid-19","tag-portada","tag-vacuna","tag-veracruz","wp-image-borders"],"amp_enabled":true,"_links":{"self":[{"href":"https:\/\/nvnoticias.mx\/index.php\/wp-json\/wp\/v2\/posts\/1004","targetHints":{"allow":["GET"]}}],"collection":[{"href":"https:\/\/nvnoticias.mx\/index.php\/wp-json\/wp\/v2\/posts"}],"about":[{"href":"https:\/\/nvnoticias.mx\/index.php\/wp-json\/wp\/v2\/types\/post"}],"author":[{"embeddable":true,"href":"https:\/\/nvnoticias.mx\/index.php\/wp-json\/wp\/v2\/users\/6"}],"replies":[{"embeddable":true,"href":"https:\/\/nvnoticias.mx\/index.php\/wp-json\/wp\/v2\/comments?post=1004"}],"version-history":[{"count":3,"href":"https:\/\/nvnoticias.mx\/index.php\/wp-json\/wp\/v2\/posts\/1004\/revisions"}],"predecessor-version":[{"id":1012,"href":"https:\/\/nvnoticias.mx\/index.php\/wp-json\/wp\/v2\/posts\/1004\/revisions\/1012"}],"wp:featuredmedia":[{"embeddable":true,"href":"https:\/\/nvnoticias.mx\/index.php\/wp-json\/wp\/v2\/media\/1008"}],"wp:attachment":[{"href":"https:\/\/nvnoticias.mx\/index.php\/wp-json\/wp\/v2\/media?parent=1004"}],"wp:term":[{"taxonomy":"category","embeddable":true,"href":"https:\/\/nvnoticias.mx\/index.php\/wp-json\/wp\/v2\/categories?post=1004"},{"taxonomy":"post_tag","embeddable":true,"href":"https:\/\/nvnoticias.mx\/index.php\/wp-json\/wp\/v2\/tags?post=1004"}],"curies":[{"name":"wp","href":"https:\/\/api.w.org\/{rel}","templated":true}]}}