{"id":100372,"date":"2023-03-25T15:57:48","date_gmt":"2023-03-25T21:57:48","guid":{"rendered":"https:\/\/nvnoticias.mx\/?p=100372"},"modified":"2023-03-25T15:57:49","modified_gmt":"2023-03-25T21:57:49","slug":"red-bull-ratifica-a-checo-perez-y-max-verstappen-rechaza-la-llegada-de-lewis-hamilton","status":"publish","type":"post","link":"https:\/\/nvnoticias.mx\/index.php\/2023\/03\/25\/red-bull-ratifica-a-checo-perez-y-max-verstappen-rechaza-la-llegada-de-lewis-hamilton\/","title":{"rendered":"Red Bull ratifica a Checo P\u00e9rez y Max Verstappen; rechaza la llegada de Lewis Hamilton"},"content":{"rendered":"\n<p>El director de\u00a0Red Bull Racing,\u00a0Christian Horner, ratific\u00f3 a\u00a0Sergio \u201cCheco\u201d P\u00e9rez\u00a0y\u00a0Max Verstappen\u00a0y le cerr\u00f3 las puertas a\u00a0Lewis Hamilton\u00a0sobre una posible llegada a la escuder\u00eda austriaca.<\/p>\n\n\n\n<p>El contrato del piloto ingl\u00e9s con\u00a0Mercedes-Benz\u00a0finaliza a finales de la actual temporada y los rumores sobre la continuidad del mexicano en el equip\u00f3 de la bebida energ\u00e9tica cada vez aumentan m\u00e1s.<\/p>\n\n\n\n<p>Dichas situaciones provocaron que se comenzara a especular sobre el arribo del s\u00e9ptuple campe\u00f3n mundial a\u00a0Red Bull; sin embargo,\u00a0Christian Horner\u00a0se encarg\u00f3 de terminar con el runr\u00fan.<\/p>\n\n\n\n<p>En una entrevista para\u00a0Sky News, el expiloto ingl\u00e9s comparti\u00f3 que la escuder\u00eda se siente c\u00f3moda y contenta con la dupla que han formado el mexicano y el neerland\u00e9s; no obstante, no dej\u00f3 de reconocer la trayectoria de\u00a0Hamilton\u00a0en el deporte motor.<\/p>\n\n\n\n<blockquote class=\"wp-block-quote is-layout-flow wp-block-quote-is-layout-flow\"><p>\u201c<em>Lo que\u00a0Lewis\u00a0ha logrado en la\u00a0F\u00f3rmula 1\u00a0es insuperable, pero estamos muy contentos con los pilotos que tenemos, est\u00e1n comprometidos como pareja no solo para esta temporada, sino tambi\u00e9n para la siguiente<\/em>\u201d, manifest\u00f3.<\/p><\/blockquote>\n\n\n\n<p>Cabe resaltar que\u00a0Checo P\u00e9rez\u00a0tiene contrato con\u00a0Red Bull\u00a0hasta 2024, mientras que\u00a0Max Verstappen\u00a0estar\u00e1 ligado a la escuder\u00eda austriaca hasta 2028.<\/p>\n\n\n\n<p>Fuente: <a href=\"https:\/\/www.eluniversal.com.mx\/deportes\/red-bull-ratifica-a-checo-perez-y-max-verstappen-y-rechaza-la-llegada-de-lewis-hamilton\/\">El Universal<\/a><\/p>\n","protected":false},"excerpt":{"rendered":"<p>El director de\u00a0Red Bull Racing,\u00a0Christian Horner, ratific\u00f3 a\u00a0Sergio \u201cCheco\u201d P\u00e9rez\u00a0y\u00a0Max Verstappen\u00a0y le cerr\u00f3 las puertas a\u00a0Lewis Hamilton\u00a0sobre una posible llegada a la escuder\u00eda austriaca. El contrato del piloto ingl\u00e9s con\u00a0Mercedes-Benz\u00a0finaliza a finales de la actual temporada y los rumores sobre la continuidad del mexicano en el equip\u00f3 de la bebida energ\u00e9tica cada vez aumentan m\u00e1s. [&hellip;]<\/p>\n","protected":false},"author":8,"featured_media":100373,"comment_status":"open","ping_status":"open","sticky":false,"template":"","format":"standard","meta":{"_monsterinsights_skip_tracking":false,"_monsterinsights_sitenote_active":false,"_monsterinsights_sitenote_note":"","_monsterinsights_sitenote_category":0,"footnotes":""},"categories":[159],"tags":[2977,7718,7812,5828],"class_list":["post-100372","post","type-post","status-publish","format-standard","has-post-thumbnail","hentry","category-deportes","tag-checo-perez","tag-lewis-hamilton","tag-max-verstappen","tag-red-bull","wp-image-borders"],"amp_enabled":true,"_links":{"self":[{"href":"https:\/\/nvnoticias.mx\/index.php\/wp-json\/wp\/v2\/posts\/100372","targetHints":{"allow":["GET"]}}],"collection":[{"href":"https:\/\/nvnoticias.mx\/index.php\/wp-json\/wp\/v2\/posts"}],"about":[{"href":"https:\/\/nvnoticias.mx\/index.php\/wp-json\/wp\/v2\/types\/post"}],"author":[{"embeddable":true,"href":"https:\/\/nvnoticias.mx\/index.php\/wp-json\/wp\/v2\/users\/8"}],"replies":[{"embeddable":true,"href":"https:\/\/nvnoticias.mx\/index.php\/wp-json\/wp\/v2\/comments?post=100372"}],"version-history":[{"count":1,"href":"https:\/\/nvnoticias.mx\/index.php\/wp-json\/wp\/v2\/posts\/100372\/revisions"}],"predecessor-version":[{"id":100374,"href":"https:\/\/nvnoticias.mx\/index.php\/wp-json\/wp\/v2\/posts\/100372\/revisions\/100374"}],"wp:featuredmedia":[{"embeddable":true,"href":"https:\/\/nvnoticias.mx\/index.php\/wp-json\/wp\/v2\/media\/100373"}],"wp:attachment":[{"href":"https:\/\/nvnoticias.mx\/index.php\/wp-json\/wp\/v2\/media?parent=100372"}],"wp:term":[{"taxonomy":"category","embeddable":true,"href":"https:\/\/nvnoticias.mx\/index.php\/wp-json\/wp\/v2\/categories?post=100372"},{"taxonomy":"post_tag","embeddable":true,"href":"https:\/\/nvnoticias.mx\/index.php\/wp-json\/wp\/v2\/tags?post=100372"}],"curies":[{"name":"wp","href":"https:\/\/api.w.org\/{rel}","templated":true}]}}