{"id":100306,"date":"2023-03-25T09:25:24","date_gmt":"2023-03-25T15:25:24","guid":{"rendered":"https:\/\/nvnoticias.mx\/?p=100306"},"modified":"2023-03-25T09:31:25","modified_gmt":"2023-03-25T15:31:25","slug":"fallece-xavier-lopez-chabelo-a-los-88-anos","status":"publish","type":"post","link":"https:\/\/nvnoticias.mx\/index.php\/2023\/03\/25\/fallece-xavier-lopez-chabelo-a-los-88-anos\/","title":{"rendered":"Fallece Xavier L\u00f3pez &#8216;Chabelo&#8217; a los 88 a\u00f1os"},"content":{"rendered":"\n<p>El actor Xavier L\u00f3pez, quien es conocido por su personaje de&nbsp;Chabelo, muri\u00f3 este s\u00e1bado a causa de complicaciones abdominales, seg\u00fan inform\u00f3 su familia.<\/p>\n\n\n\n<blockquote class=\"wp-block-quote is-layout-flow wp-block-quote-is-layout-flow\"><p>&#8220;<em>Esta es una ma\u00f1ana muy triste, Xavier L\u00f3pez Chabelo , padre, hermano y esposo nos ha dejado de manera s\u00fabita, causa de complicaciones abdominales<\/em>.&#8221;<\/p><p><\/p><\/blockquote>\n\n\n\n<figure class=\"wp-block-embed aligncenter is-type-rich is-provider-twitter wp-block-embed-twitter\"><div class=\"wp-block-embed__wrapper\">\n<blockquote class=\"twitter-tweet\" data-width=\"550\" data-dnt=\"true\"><p lang=\"es\" dir=\"ltr\">Esta es una ma\u00f1ana muy triste,  Xavier Lopez Chabelo , padre, hermano y esposo nos ha dejado de manera s\u00fabita, causa de complicaciones abdominales.<\/p>&mdash; Xavier Lopez Chabelo (@chabelooficial) <a href=\"https:\/\/twitter.com\/chabelooficial\/status\/1639647516068028416?ref_src=twsrc%5Etfw\">March 25, 2023<\/a><\/blockquote><script async src=\"https:\/\/platform.twitter.com\/widgets.js\" charset=\"utf-8\"><\/script>\n<\/div><\/figure>\n\n\n\n<p>En otro tuit, pidieron orar por el descanso de &#8216;Chabelo&#8217; y que les den oportunidad de pasar en paz el duelo que embarga a la familia.<\/p>\n\n\n\n<blockquote class=\"wp-block-quote is-layout-flow wp-block-quote-is-layout-flow\"><p>&#8220;<em>Con el alma desgarrada y sabiendo que muchos y muchas personas lo han querido por muchos a\u00f1os y que sentir\u00e1n su partida , les pedimos orar por su descanso y nos den oportunidad de pasar en paz el duelo que embarga a toda nuestra familia. Familia L\u00f3pez Miranda<\/em>&#8220;.<\/p><\/blockquote>\n\n\n\n<figure class=\"wp-block-embed aligncenter is-type-rich is-provider-twitter wp-block-embed-twitter\"><div class=\"wp-block-embed__wrapper\">\n<blockquote class=\"twitter-tweet\" data-width=\"550\" data-dnt=\"true\"><p lang=\"es\" dir=\"ltr\">Con el alma desgarrada y sabiendo que muchos y muchas personas lo han querido por muchos a\u00f1os y que sentir\u00e1n su partida , les pedimos orar por su descanso  y nos den oportunidad de pasar en paz  el duelo que embarga a toda nuestra familia.  Familia L\u00f3pez Miranda<\/p>&mdash; Xavier Lopez Chabelo (@chabelooficial) <a href=\"https:\/\/twitter.com\/chabelooficial\/status\/1639647735270834178?ref_src=twsrc%5Etfw\">March 25, 2023<\/a><\/blockquote><script async src=\"https:\/\/platform.twitter.com\/widgets.js\" charset=\"utf-8\"><\/script>\n<\/div><\/figure>\n\n\n\n<p>El conductor&nbsp; marc\u00f3 toda una \u00e9poca en la televisi\u00f3n, ya que por m\u00e1s de 40 a\u00f1os acompa\u00f1\u00f3 a los mexicanos todos los domingos por la ma\u00f1ana con el programa En familia con Chabelo.<\/p>\n\n\n\n<p>Xavier L\u00f3pez naci\u00f3 en Chicago, Illinois el 17 de febrero de 1935 aunque sus padres son de Le\u00f3n, Guanajuato. A la edad de un a\u00f1o, \u00e9l junto con sus pap\u00e1s regresaron a su estado de origen, lugar donde vivi\u00f3 sus primeros ocho a\u00f1os para despu\u00e9s mudarse a la Ciudad de M\u00e9xico.<\/p>\n\n\n\n<p>Durante su juventud, Xavier L\u00f3pez decidi\u00f3 estudiar medicina, mientras tanto, se&nbsp;comenz\u00f3 a involucrar en el mundo de la televisi\u00f3n, que m\u00e1s tarde lo llev\u00f3 a abandonar para dedicarse&nbsp;de lleno a la actuaci\u00f3n.&nbsp;<\/p>\n\n\n\n<p>Con los a\u00f1os, Xavier L\u00f3pez conoci\u00f3 a Ramiro Gamboa, mejor conocido como el&nbsp;T\u00edo Gambo\u00edn, quien en ese momento era el titular del programa Carrusel musical.&nbsp;<\/p>\n\n\n\n<p>El T\u00edo Gambo\u00edn le dio la oportunidad de participar en el programa en el que cont\u00f3 un chiste que era protagonizado por un personaje llamado Chabelo, nombre que adopt\u00f3 Xavier L\u00f3pez.&nbsp;<\/p>\n\n\n\n<p>&nbsp;Xavier L\u00f3pez comenz\u00f3 a ganar fama con el personaje de Chabelo con&nbsp;el que particip\u00f3 en pel\u00edculas como Chistelandia, El extra&nbsp;producci\u00f3n que protagoniz\u00f3 Cantinflas, El criado malcriado y&nbsp;El aviso inoportuno, entre otras.<\/p>\n\n\n\n<p>Sin embargo, se gan\u00f3 el cari\u00f1o del p\u00fablico, especialmente de los ni\u00f1os, cuando el 26 de noviembre de 1967 se transmiti\u00f3 por primera vez En familia con Chabelo, un programa familiar que se transmiti\u00f3 los domingos por la ma\u00f1ana por m\u00e1s de 40 a\u00f1os. En este, Chabelo realizaba concursos en los que los participantes pod\u00edan ganar a trav\u00e9s de la Catafixia premios como muebles, electrodom\u00e9sticos, juguetes o dinero en efectivo.<\/p>\n\n\n\n<p>Despu\u00e9s de 48 a\u00f1os al aire, En familia con Chabelo tuvo su \u00faltima emisi\u00f3n el 20 de diciembre del 2015.<\/p>\n","protected":false},"excerpt":{"rendered":"<p>El actor Xavier L\u00f3pez, quien es conocido por su personaje de&nbsp;Chabelo, muri\u00f3 este s\u00e1bado a causa de complicaciones abdominales, seg\u00fan inform\u00f3 su familia. &#8220;Esta es una ma\u00f1ana muy triste, Xavier L\u00f3pez Chabelo , padre, hermano y esposo nos ha dejado de manera s\u00fabita, causa de complicaciones abdominales.&#8221; En otro tuit, pidieron orar por el descanso [&hellip;]<\/p>\n","protected":false},"author":8,"featured_media":100307,"comment_status":"open","ping_status":"open","sticky":false,"template":"","format":"standard","meta":{"_monsterinsights_skip_tracking":false,"_monsterinsights_sitenote_active":false,"_monsterinsights_sitenote_note":"","_monsterinsights_sitenote_category":0,"footnotes":""},"categories":[576],"tags":[7375,162,8827],"class_list":["post-100306","post","type-post","status-publish","format-standard","has-post-thumbnail","hentry","category-ocio","tag-chabelo","tag-portada","tag-xavier-lopez-chabelo-2","wp-image-borders"],"amp_enabled":true,"_links":{"self":[{"href":"https:\/\/nvnoticias.mx\/index.php\/wp-json\/wp\/v2\/posts\/100306","targetHints":{"allow":["GET"]}}],"collection":[{"href":"https:\/\/nvnoticias.mx\/index.php\/wp-json\/wp\/v2\/posts"}],"about":[{"href":"https:\/\/nvnoticias.mx\/index.php\/wp-json\/wp\/v2\/types\/post"}],"author":[{"embeddable":true,"href":"https:\/\/nvnoticias.mx\/index.php\/wp-json\/wp\/v2\/users\/8"}],"replies":[{"embeddable":true,"href":"https:\/\/nvnoticias.mx\/index.php\/wp-json\/wp\/v2\/comments?post=100306"}],"version-history":[{"count":3,"href":"https:\/\/nvnoticias.mx\/index.php\/wp-json\/wp\/v2\/posts\/100306\/revisions"}],"predecessor-version":[{"id":100311,"href":"https:\/\/nvnoticias.mx\/index.php\/wp-json\/wp\/v2\/posts\/100306\/revisions\/100311"}],"wp:featuredmedia":[{"embeddable":true,"href":"https:\/\/nvnoticias.mx\/index.php\/wp-json\/wp\/v2\/media\/100307"}],"wp:attachment":[{"href":"https:\/\/nvnoticias.mx\/index.php\/wp-json\/wp\/v2\/media?parent=100306"}],"wp:term":[{"taxonomy":"category","embeddable":true,"href":"https:\/\/nvnoticias.mx\/index.php\/wp-json\/wp\/v2\/categories?post=100306"},{"taxonomy":"post_tag","embeddable":true,"href":"https:\/\/nvnoticias.mx\/index.php\/wp-json\/wp\/v2\/tags?post=100306"}],"curies":[{"name":"wp","href":"https:\/\/api.w.org\/{rel}","templated":true}]}}