{"id":100294,"date":"2023-03-24T16:35:49","date_gmt":"2023-03-24T22:35:49","guid":{"rendered":"https:\/\/nvnoticias.mx\/?p=100294"},"modified":"2023-03-24T16:35:49","modified_gmt":"2023-03-24T22:35:49","slug":"carteles-de-sinaloa-y-jalisco-las-principales-amenazas-dea","status":"publish","type":"post","link":"https:\/\/nvnoticias.mx\/index.php\/2023\/03\/24\/carteles-de-sinaloa-y-jalisco-las-principales-amenazas-dea\/","title":{"rendered":"C\u00e1rteles de Sinaloa y Jalisco, las principales amenazas: DEA"},"content":{"rendered":"\n<p>La agencia antidrogas de Estados Unidos (DEA, por sus siglas en ingl\u00e9s) se\u00f1al\u00f3 a los c\u00e1rteles mexicanos de\u00a0Sinaloa\u00a0y el\u00a0Jalisco Nueva Generaci\u00f3n\u00a0como las\u00a0principales amenazas &#8220;para la salud y las comunidades&#8221;\u00a0en territorio estadounidense.<\/p>\n\n\n\n<p>En un informe de las operaciones extranjeras de la agencia, la DEA recuerda que en septiembre del a\u00f1o pasado cre\u00f3 una unidad dedicada exclusivamente a perseguir y desmantelar los esfuerzos de esas dos organizaciones &#8220;transnacionales&#8221; para traficar con &#8220;fentanilo\u00a0y\u00a0metanfetaminas&#8221; a Estados Unidos.<\/p>\n\n\n\n<p>El secuestro de\u00a0cuatro estadounidenses\u00a0y el asesinato de dos de ellos en el fronterizo estado mexicano de\u00a0Tamaulipas\u00a0a inicios de marzo ha reavivado el debate en Washington sobre los\u00a0c\u00e1rteles mexicanos.<\/p>\n\n\n\n<p>Lee tambi\u00e9n\u00a0DEA alerta &#8220;fuerte aumento&#8221; de tr\u00e1fico de fentanilo con droga zombie en EU<\/p>\n\n\n\n<h4 class=\"wp-block-heading\">En EU piden declarar terroristas a c\u00e1rteles del narco<\/h4>\n\n\n\n<p>Un grupo de legisladores republicanos pidi\u00f3 que las organizaciones narcotraficantes sean catalogadas como\u00a0grupos terroristas, una medida que el\u00a0Departamento de Estado\u00a0no descarta y que ha sido criticada duramente por el gobierno mexicano.<\/p>\n\n\n\n<p>El canciller mexicano,\u00a0Marcelo Ebrard, viaj\u00f3 incluso a Washington el 13 de marzo para reunirse con los c\u00f3nsules del pa\u00eds en EU y lanzar una estrategia de comunicaci\u00f3n para rebatir la propuesta de los congresistas del partido opositor.<\/p>\n\n\n\n<p>El Departamento de Estado de EU tiene catalogados como grupos terroristas extranjeros a organizaciones como el\u00a0Estado Isl\u00e1mico\u00a0(EI),\u00a0Ham\u00e1s\u00a0o\u00a0El Ej\u00e9rcito de Liberaci\u00f3n Nacional de Colombia\u00a0(ELN).<\/p>\n\n\n\n<p>Fuente: <a href=\"https:\/\/www.eluniversal.com.mx\/mundo\/carteles-de-sinaloa-y-jalisco-las-principales-amenazas-dea\/\">El Universal<\/a><\/p>\n","protected":false},"excerpt":{"rendered":"<p>La agencia antidrogas de Estados Unidos (DEA, por sus siglas en ingl\u00e9s) se\u00f1al\u00f3 a los c\u00e1rteles mexicanos de\u00a0Sinaloa\u00a0y el\u00a0Jalisco Nueva Generaci\u00f3n\u00a0como las\u00a0principales amenazas &#8220;para la salud y las comunidades&#8221;\u00a0en territorio estadounidense. En un informe de las operaciones extranjeras de la agencia, la DEA recuerda que en septiembre del a\u00f1o pasado cre\u00f3 una unidad dedicada exclusivamente [&hellip;]<\/p>\n","protected":false},"author":8,"featured_media":69677,"comment_status":"open","ping_status":"open","sticky":false,"template":"","format":"standard","meta":{"_monsterinsights_skip_tracking":false,"_monsterinsights_sitenote_active":false,"_monsterinsights_sitenote_note":"","_monsterinsights_sitenote_category":0,"footnotes":""},"categories":[181],"tags":[23649,478,162],"class_list":["post-100294","post","type-post","status-publish","format-standard","has-post-thumbnail","hentry","category-internacional","tag-carteles-mexicanos","tag-dea","tag-portada","wp-image-borders"],"amp_enabled":true,"_links":{"self":[{"href":"https:\/\/nvnoticias.mx\/index.php\/wp-json\/wp\/v2\/posts\/100294","targetHints":{"allow":["GET"]}}],"collection":[{"href":"https:\/\/nvnoticias.mx\/index.php\/wp-json\/wp\/v2\/posts"}],"about":[{"href":"https:\/\/nvnoticias.mx\/index.php\/wp-json\/wp\/v2\/types\/post"}],"author":[{"embeddable":true,"href":"https:\/\/nvnoticias.mx\/index.php\/wp-json\/wp\/v2\/users\/8"}],"replies":[{"embeddable":true,"href":"https:\/\/nvnoticias.mx\/index.php\/wp-json\/wp\/v2\/comments?post=100294"}],"version-history":[{"count":1,"href":"https:\/\/nvnoticias.mx\/index.php\/wp-json\/wp\/v2\/posts\/100294\/revisions"}],"predecessor-version":[{"id":100295,"href":"https:\/\/nvnoticias.mx\/index.php\/wp-json\/wp\/v2\/posts\/100294\/revisions\/100295"}],"wp:featuredmedia":[{"embeddable":true,"href":"https:\/\/nvnoticias.mx\/index.php\/wp-json\/wp\/v2\/media\/69677"}],"wp:attachment":[{"href":"https:\/\/nvnoticias.mx\/index.php\/wp-json\/wp\/v2\/media?parent=100294"}],"wp:term":[{"taxonomy":"category","embeddable":true,"href":"https:\/\/nvnoticias.mx\/index.php\/wp-json\/wp\/v2\/categories?post=100294"},{"taxonomy":"post_tag","embeddable":true,"href":"https:\/\/nvnoticias.mx\/index.php\/wp-json\/wp\/v2\/tags?post=100294"}],"curies":[{"name":"wp","href":"https:\/\/api.w.org\/{rel}","templated":true}]}}