{"id":100291,"date":"2023-03-24T15:59:24","date_gmt":"2023-03-24T21:59:24","guid":{"rendered":"https:\/\/nvnoticias.mx\/?p=100291"},"modified":"2023-03-24T15:59:25","modified_gmt":"2023-03-24T21:59:25","slug":"tres-playas-de-alvarado-son-las-que-estaran-abiertas-al-banista-en-las-proximas-vacaciones","status":"publish","type":"post","link":"https:\/\/nvnoticias.mx\/index.php\/2023\/03\/24\/tres-playas-de-alvarado-son-las-que-estaran-abiertas-al-banista-en-las-proximas-vacaciones\/","title":{"rendered":"Tres playas de Alvarado son las que estar\u00e1n abiertas al ba\u00f1ista en las pr\u00f3ximas vacaciones"},"content":{"rendered":"\n<p><strong>Jes\u00fas Utrilla \/ NV Noticias<\/strong><\/p>\n\n\n\n<p>Durante la Semana Santa solo se podr\u00e1 nadar en tres playas de Alvarado porque el resto no cuenta con condiciones seguras para los ba\u00f1istas, se\u00f1al\u00f3 el director de Protecci\u00f3n Civil municipal, Daniel Romero Pilar.<\/p>\n\n\n\n<p>El municipio cuenta con ocho playas pero en vacaciones solo estar\u00e1n abiertas las playas de Ant\u00f3n Lizardo, la Trocha y Mata de Uva.<\/p>\n\n\n\n<p>Pese a ello en la playa el Canal y el resto de las que estar\u00e1n cerradas se instalar\u00e1n lonas para informar que dichos espacios se encuentran cerrados por seguridad de las personas.<\/p>\n\n\n\n<p>En playa la Cava donde est\u00e1 encallado un barco no podr\u00e1n ba\u00f1istas al mar porque se hacen vados y el buque genera corrientes y pozas, incluso se han efectuado 3 rescates en lo que va de esa administraci\u00f3n.<\/p>\n\n\n\n<blockquote class=\"wp-block-quote is-layout-flow wp-block-quote-is-layout-flow\"><p>&#8220;<em>Bien sabemos que en la Cava se encuentra encallado un barco \u00a0que es una atracci\u00f3n tur\u00edstica, ya nos encontramos en coordinaci\u00f3n con la Secretar\u00eda de Protecci\u00f3n Civil y la Marina, ya se mandaron hacer se\u00f1al\u00e9tica para informar que est\u00e1 prohibido al nado en esa zona, ya que es de atracci\u00f3n tur\u00edstica. Solamente pueden recorrer los turistas<\/em>\u201d.<\/p><\/blockquote>\n\n\n\n<p>El lunes se dar\u00e1 a conocer el operativo de seguridad y se contar\u00e1 con personal de la Marina y guardavidas temporales que realizar\u00e1n recorridos preventivos en las playas.<\/p>\n","protected":false},"excerpt":{"rendered":"<p>Jes\u00fas Utrilla \/ NV Noticias Durante la Semana Santa solo se podr\u00e1 nadar en tres playas de Alvarado porque el resto no cuenta con condiciones seguras para los ba\u00f1istas, se\u00f1al\u00f3 el director de Protecci\u00f3n Civil municipal, Daniel Romero Pilar. El municipio cuenta con ocho playas pero en vacaciones solo estar\u00e1n abiertas las playas de Ant\u00f3n [&hellip;]<\/p>\n","protected":false},"author":8,"featured_media":100292,"comment_status":"open","ping_status":"open","sticky":false,"template":"","format":"standard","meta":{"_monsterinsights_skip_tracking":false,"_monsterinsights_sitenote_active":false,"_monsterinsights_sitenote_note":"","_monsterinsights_sitenote_category":0,"footnotes":""},"categories":[154],"tags":[1467,2148],"class_list":["post-100291","post","type-post","status-publish","format-standard","has-post-thumbnail","hentry","category-veracruz","tag-alvarado","tag-playas","wp-image-borders"],"amp_enabled":true,"_links":{"self":[{"href":"https:\/\/nvnoticias.mx\/index.php\/wp-json\/wp\/v2\/posts\/100291","targetHints":{"allow":["GET"]}}],"collection":[{"href":"https:\/\/nvnoticias.mx\/index.php\/wp-json\/wp\/v2\/posts"}],"about":[{"href":"https:\/\/nvnoticias.mx\/index.php\/wp-json\/wp\/v2\/types\/post"}],"author":[{"embeddable":true,"href":"https:\/\/nvnoticias.mx\/index.php\/wp-json\/wp\/v2\/users\/8"}],"replies":[{"embeddable":true,"href":"https:\/\/nvnoticias.mx\/index.php\/wp-json\/wp\/v2\/comments?post=100291"}],"version-history":[{"count":1,"href":"https:\/\/nvnoticias.mx\/index.php\/wp-json\/wp\/v2\/posts\/100291\/revisions"}],"predecessor-version":[{"id":100293,"href":"https:\/\/nvnoticias.mx\/index.php\/wp-json\/wp\/v2\/posts\/100291\/revisions\/100293"}],"wp:featuredmedia":[{"embeddable":true,"href":"https:\/\/nvnoticias.mx\/index.php\/wp-json\/wp\/v2\/media\/100292"}],"wp:attachment":[{"href":"https:\/\/nvnoticias.mx\/index.php\/wp-json\/wp\/v2\/media?parent=100291"}],"wp:term":[{"taxonomy":"category","embeddable":true,"href":"https:\/\/nvnoticias.mx\/index.php\/wp-json\/wp\/v2\/categories?post=100291"},{"taxonomy":"post_tag","embeddable":true,"href":"https:\/\/nvnoticias.mx\/index.php\/wp-json\/wp\/v2\/tags?post=100291"}],"curies":[{"name":"wp","href":"https:\/\/api.w.org\/{rel}","templated":true}]}}