{"id":100243,"date":"2023-03-24T12:40:09","date_gmt":"2023-03-24T18:40:09","guid":{"rendered":"https:\/\/nvnoticias.mx\/?p=100243"},"modified":"2023-03-24T12:40:10","modified_gmt":"2023-03-24T18:40:10","slug":"siguen-las-remodelaciones-del-auditorio-benito-juarez-casa-de-los-halcones-rojos","status":"publish","type":"post","link":"https:\/\/nvnoticias.mx\/index.php\/2023\/03\/24\/siguen-las-remodelaciones-del-auditorio-benito-juarez-casa-de-los-halcones-rojos\/","title":{"rendered":"Siguen las remodelaciones del Auditorio Benito Ju\u00e1rez, casa de los Halcones Rojos"},"content":{"rendered":"\n<p>El Gobernador de Veracruz,\u00a0Cuitl\u00e1huac Garc\u00eda Jim\u00e9nez, comparti\u00f3 im\u00e1genes de la remodelaci\u00f3n del Auditorio Benito Ju\u00e1rez, en donde jugar\u00e1n de nueva cuenta los Halcones Rojos de Veracruz, tanto en la rama femenil, como varonil.<\/p>\n\n\n\n<blockquote class=\"wp-block-quote is-layout-flow wp-block-quote-is-layout-flow\"><p>&#8220;<em>Ya es viernes y empezamos el d\u00eda dando a conocer c\u00f3mo van los trabajos en el Auditorio Benito Ju\u00e1rez en el puerto jarocho\u2026 \u00a1Buenos d\u00edas<\/em>!&#8221;, posteo el Gobernador acompa\u00f1ado de im\u00e1genes.<\/p><\/blockquote>\n\n\n\n<iframe loading=\"lazy\" src=\"https:\/\/www.facebook.com\/plugins\/post.php?href=https%3A%2F%2Fwww.facebook.com%2FCuitlahuacGarciaJimenez%2Fposts%2Fpfbid04VveRtigU4kop8V6JgDqPz37PX85VDE5cGCk1FeQHDW5ZyJmwXA1wkWqjMbdvcdSl&#038;show_text=true&#038;width=500\" width=\"500\" height=\"689\" style=\"border:none;overflow:hidden\" scrolling=\"no\" frameborder=\"0\" allowfullscreen=\"true\" allow=\"autoplay; clipboard-write; encrypted-media; picture-in-picture; web-share\"><\/iframe>\n\n\n\n<p><\/p>\n","protected":false},"excerpt":{"rendered":"<p>El Gobernador de Veracruz,\u00a0Cuitl\u00e1huac Garc\u00eda Jim\u00e9nez, comparti\u00f3 im\u00e1genes de la remodelaci\u00f3n del Auditorio Benito Ju\u00e1rez, en donde jugar\u00e1n de nueva cuenta los Halcones Rojos de Veracruz, tanto en la rama femenil, como varonil. &#8220;Ya es viernes y empezamos el d\u00eda dando a conocer c\u00f3mo van los trabajos en el Auditorio Benito Ju\u00e1rez en el puerto [&hellip;]<\/p>\n","protected":false},"author":8,"featured_media":100244,"comment_status":"open","ping_status":"open","sticky":false,"template":"","format":"standard","meta":{"_monsterinsights_skip_tracking":false,"_monsterinsights_sitenote_active":false,"_monsterinsights_sitenote_note":"","_monsterinsights_sitenote_category":0,"footnotes":""},"categories":[159],"tags":[24126,20539,15443],"class_list":["post-100243","post","type-post","status-publish","format-standard","has-post-thumbnail","hentry","category-deportes","tag-auditorio-benito-juarez","tag-halcones-rojos-de-veracruz","tag-remodelacion","wp-image-borders"],"amp_enabled":true,"_links":{"self":[{"href":"https:\/\/nvnoticias.mx\/index.php\/wp-json\/wp\/v2\/posts\/100243","targetHints":{"allow":["GET"]}}],"collection":[{"href":"https:\/\/nvnoticias.mx\/index.php\/wp-json\/wp\/v2\/posts"}],"about":[{"href":"https:\/\/nvnoticias.mx\/index.php\/wp-json\/wp\/v2\/types\/post"}],"author":[{"embeddable":true,"href":"https:\/\/nvnoticias.mx\/index.php\/wp-json\/wp\/v2\/users\/8"}],"replies":[{"embeddable":true,"href":"https:\/\/nvnoticias.mx\/index.php\/wp-json\/wp\/v2\/comments?post=100243"}],"version-history":[{"count":1,"href":"https:\/\/nvnoticias.mx\/index.php\/wp-json\/wp\/v2\/posts\/100243\/revisions"}],"predecessor-version":[{"id":100245,"href":"https:\/\/nvnoticias.mx\/index.php\/wp-json\/wp\/v2\/posts\/100243\/revisions\/100245"}],"wp:featuredmedia":[{"embeddable":true,"href":"https:\/\/nvnoticias.mx\/index.php\/wp-json\/wp\/v2\/media\/100244"}],"wp:attachment":[{"href":"https:\/\/nvnoticias.mx\/index.php\/wp-json\/wp\/v2\/media?parent=100243"}],"wp:term":[{"taxonomy":"category","embeddable":true,"href":"https:\/\/nvnoticias.mx\/index.php\/wp-json\/wp\/v2\/categories?post=100243"},{"taxonomy":"post_tag","embeddable":true,"href":"https:\/\/nvnoticias.mx\/index.php\/wp-json\/wp\/v2\/tags?post=100243"}],"curies":[{"name":"wp","href":"https:\/\/api.w.org\/{rel}","templated":true}]}}