{"id":100236,"date":"2023-03-24T12:08:02","date_gmt":"2023-03-24T18:08:02","guid":{"rendered":"https:\/\/nvnoticias.mx\/?p=100236"},"modified":"2023-03-24T12:08:03","modified_gmt":"2023-03-24T18:08:03","slug":"urbanizadora-medellin-continua-proceso-contra-invasores-de-puente-moreno","status":"publish","type":"post","link":"https:\/\/nvnoticias.mx\/index.php\/2023\/03\/24\/urbanizadora-medellin-continua-proceso-contra-invasores-de-puente-moreno\/","title":{"rendered":"Urbanizadora Medell\u00edn contin\u00faa proceso contra invasores de Puente Moreno"},"content":{"rendered":"\n<p><strong>Jes\u00fas Utrilla \/ NV Noticias<\/strong><\/p>\n\n\n\n<p>A\u00fan no han sido desalojadas todas las familias que invadieron terrenos en Puente Moreno, sin embargo, ya hay denuncias penales y el proceso contin\u00faa, se\u00f1al\u00f3 el representa legal de&nbsp;Urbanizadora Medell\u00edn,&nbsp;Sergio L\u00f3pez Mart\u00ednez.&nbsp;<\/p>\n\n\n\n<p>Dijo que se trata de 19 hect\u00e1reas que fueron invadidas hace dos meses, desde entonces los 200 trabajadores no han podido laborar en el lugar.&nbsp;<\/p>\n\n\n\n<p>Llam\u00f3&nbsp;a la ciudadan\u00eda a evitar comprar terrenos a los se\u00f1ores Esteban Hern\u00e1ndez Laina y Miguel \u00c1ngel Mar\u00edn Cruz, pues las tierras no les pertenecen.&nbsp;<\/p>\n\n\n\n<blockquote class=\"wp-block-quote is-layout-flow wp-block-quote-is-layout-flow\"><p>\u201c<em>Independiente de la denuncia que interpuso Esteban Hern\u00e1ndez Laina, se suma una denuncia del se\u00f1or Miguel \u00c1ngel Mar\u00edn Cruz, que dice que es el ejidatario, ese se\u00f1or renunci\u00f3 desde el 1999 a cualquier derecho, enajena su t\u00edtulo parcelario y sus tierras a otra persona que se llama Miguel \u00c1ngel M\u00e9ndez Valerio\u201d<\/em>.\u00a0<\/p><\/blockquote>\n\n\n\n<p>Agreg\u00f3 que los predios son de la empresa mencionada desde hace m\u00e1s de 20 a\u00f1os, pero hace dos meses los invadieron. Al momento a\u00fan permanecen cerca de 60 familias en calidad de paracaidistas y no existi\u00f3 ning\u00fan despojo debido a que todo se ha efectuado conforme a la ley.&nbsp;<\/p>\n\n\n\n<p>Incluso&nbsp;la&nbsp;Secretar\u00eda de Seguridad P\u00fablica fue la que llev\u00f3 a cabo el desalojo de los invasores, pero a\u00fan queda gente viviendo ilegalmente en las tierras, pues continuamente tratan de adue\u00f1arse de las hect\u00e1reas que no les pertenecen, es por ello que contin\u00faa el proceso en contra de los paracaidistas.&nbsp;&nbsp;<\/p>\n\n\n\n<blockquote class=\"wp-block-quote is-layout-flow wp-block-quote-is-layout-flow\"><p>\u201c<em>Seguimos con la denuncia, se tiene que agotar las instancias correspondientes y se debe de ejecutar el desalojo. Siguen invadiendo, en el 2015 hay un cambio de r\u00e9gimen, ya no es parcela ahora es t\u00edtulo de propiedad y ah\u00ed aparece como titular el se\u00f1or Luis Eusebio Barqu\u00edn G\u00f3mez, son los due\u00f1os de Urbanizadora Medell\u00edn con personas f\u00edsicas<\/em>\u201d.\u00a0<\/p><\/blockquote>\n\n\n\n<p>La autoridad ser\u00e1 la encargada de dar seguimiento a las denuncias y analizar las pruebas presentadas.&nbsp;&nbsp;<\/p>\n","protected":false},"excerpt":{"rendered":"<p>Jes\u00fas Utrilla \/ NV Noticias A\u00fan no han sido desalojadas todas las familias que invadieron terrenos en Puente Moreno, sin embargo, ya hay denuncias penales y el proceso contin\u00faa, se\u00f1al\u00f3 el representa legal de&nbsp;Urbanizadora Medell\u00edn,&nbsp;Sergio L\u00f3pez Mart\u00ednez.&nbsp; Dijo que se trata de 19 hect\u00e1reas que fueron invadidas hace dos meses, desde entonces los 200 trabajadores [&hellip;]<\/p>\n","protected":false},"author":8,"featured_media":100238,"comment_status":"open","ping_status":"open","sticky":false,"template":"","format":"standard","meta":{"_monsterinsights_skip_tracking":false,"_monsterinsights_sitenote_active":false,"_monsterinsights_sitenote_note":"","_monsterinsights_sitenote_category":0,"footnotes":""},"categories":[154],"tags":[13758,2588,24124],"class_list":["post-100236","post","type-post","status-publish","format-standard","has-post-thumbnail","hentry","category-veracruz","tag-invasores","tag-puente-moreno","tag-urbanizadora-medellin","wp-image-borders"],"amp_enabled":true,"_links":{"self":[{"href":"https:\/\/nvnoticias.mx\/index.php\/wp-json\/wp\/v2\/posts\/100236","targetHints":{"allow":["GET"]}}],"collection":[{"href":"https:\/\/nvnoticias.mx\/index.php\/wp-json\/wp\/v2\/posts"}],"about":[{"href":"https:\/\/nvnoticias.mx\/index.php\/wp-json\/wp\/v2\/types\/post"}],"author":[{"embeddable":true,"href":"https:\/\/nvnoticias.mx\/index.php\/wp-json\/wp\/v2\/users\/8"}],"replies":[{"embeddable":true,"href":"https:\/\/nvnoticias.mx\/index.php\/wp-json\/wp\/v2\/comments?post=100236"}],"version-history":[{"count":1,"href":"https:\/\/nvnoticias.mx\/index.php\/wp-json\/wp\/v2\/posts\/100236\/revisions"}],"predecessor-version":[{"id":100239,"href":"https:\/\/nvnoticias.mx\/index.php\/wp-json\/wp\/v2\/posts\/100236\/revisions\/100239"}],"wp:featuredmedia":[{"embeddable":true,"href":"https:\/\/nvnoticias.mx\/index.php\/wp-json\/wp\/v2\/media\/100238"}],"wp:attachment":[{"href":"https:\/\/nvnoticias.mx\/index.php\/wp-json\/wp\/v2\/media?parent=100236"}],"wp:term":[{"taxonomy":"category","embeddable":true,"href":"https:\/\/nvnoticias.mx\/index.php\/wp-json\/wp\/v2\/categories?post=100236"},{"taxonomy":"post_tag","embeddable":true,"href":"https:\/\/nvnoticias.mx\/index.php\/wp-json\/wp\/v2\/tags?post=100236"}],"curies":[{"name":"wp","href":"https:\/\/api.w.org\/{rel}","templated":true}]}}