{"id":100217,"date":"2023-03-24T11:46:28","date_gmt":"2023-03-24T17:46:28","guid":{"rendered":"https:\/\/nvnoticias.mx\/?p=100217"},"modified":"2023-03-24T11:46:28","modified_gmt":"2023-03-24T17:46:28","slug":"duena-de-los-perros-de-la-riviera-veracruzana-denunciara-a-los-vecinos-que-la-acusaron-de-maltrato-animal","status":"publish","type":"post","link":"https:\/\/nvnoticias.mx\/index.php\/2023\/03\/24\/duena-de-los-perros-de-la-riviera-veracruzana-denunciara-a-los-vecinos-que-la-acusaron-de-maltrato-animal\/","title":{"rendered":"Due\u00f1a de los perros de la Riviera Veracruzana denunciar\u00e1 a los vecinos que la acusaron de maltrato animal"},"content":{"rendered":"\n<p>\u00a0<strong>Jes\u00fas Utrilla \/ NV Noticias<\/strong><\/p>\n\n\n\n<p>El Ayuntamiento de Alvarado fue el primer respondiente ante el caso reportado por supuesto maltrato animal en la Riviera Veracruzana, sin embargo, los perros s\u00ed ten\u00edan agua y alimento y no se detect\u00f3 que fueran sometidos a maltrato, se\u00f1al\u00f3&nbsp;Lissette \u00c1lvarez Vera, alcaldesa de Alvarado.&nbsp;<\/p>\n\n\n\n<p>Dijo que las autoridades ingresaron a la casa y no hab\u00eda sangre ni huellas de violencia en las mascotas, ahora la decisi\u00f3n del destino de ellos est\u00e1 a cargo de la Procuradur\u00eda del Medio Ambiente y la Fiscal\u00eda Especializada en Atenci\u00f3n Animal. Se da seguimiento al tema y dijo que es intolerable la intromisi\u00f3n a la vida privada de la propietaria y su familia.&nbsp;<\/p>\n\n\n\n<blockquote class=\"wp-block-quote is-layout-flow wp-block-quote-is-layout-flow\"><p>\u201c<em>Es intolerable porque le pintaron el port\u00f3n. Le hicieron se\u00f1alamientos de asesina y esto no se vale, porque los vecinos est\u00e1n invadiendo la vida privada. No hay maltrato animal pero s\u00ed invasi\u00f3n a la privacidad y le causaron afectaci\u00f3n psicol\u00f3gica a la due\u00f1a, una ni\u00f1a que estaba adentro y temblaba de miedo porque los vecinos fueron a golpear el port\u00f3n<\/em>\u201d.\u00a0\u00a0<\/p><\/blockquote>\n\n\n\n<p>La propietaria de los perros denunciar\u00e1 contra quien resulte responsable por las agresiones que le hicieron a ella y su familia. La alcaldesa insisti\u00f3 en que esos actos son lamentables.&nbsp;<\/p>\n\n\n\n<blockquote class=\"wp-block-quote is-layout-flow wp-block-quote-is-layout-flow\"><p>\u201c<em>Fuimos los primeros en llegar, en acudir al fraccionamiento y bueno la due\u00f1a de la vivienda en todo momento se port\u00f3 de una manera educada, de una manera accesible y permiti\u00f3 el acceso de nuestros directores del ayuntamiento, del director de Protecci\u00f3n Civil, el director de Ecolog\u00eda y Medio Ambiente y de todos los que participamos en esta visita. Acudi\u00f3 tambi\u00e9n\u00a0el director de la Polic\u00eda Municipal y la due\u00f1a en todo\u00a0momento\u00a0se\u00a0port\u00f3 de manera educada<\/em>\u201d.\u00a0<\/p><\/blockquote>\n","protected":false},"excerpt":{"rendered":"<p>\u00a0Jes\u00fas Utrilla \/ NV Noticias El Ayuntamiento de Alvarado fue el primer respondiente ante el caso reportado por supuesto maltrato animal en la Riviera Veracruzana, sin embargo, los perros s\u00ed ten\u00edan agua y alimento y no se detect\u00f3 que fueran sometidos a maltrato, se\u00f1al\u00f3&nbsp;Lissette \u00c1lvarez Vera, alcaldesa de Alvarado.&nbsp; Dijo que las autoridades ingresaron a [&hellip;]<\/p>\n","protected":false},"author":8,"featured_media":100220,"comment_status":"open","ping_status":"open","sticky":false,"template":"","format":"standard","meta":{"_monsterinsights_skip_tracking":false,"_monsterinsights_sitenote_active":false,"_monsterinsights_sitenote_note":"","_monsterinsights_sitenote_category":0,"footnotes":""},"categories":[154],"tags":[524,461,18021],"class_list":["post-100217","post","type-post","status-publish","format-standard","has-post-thumbnail","hentry","category-veracruz","tag-maltrato-animal","tag-perros","tag-riviera-veracruzana","wp-image-borders"],"amp_enabled":true,"_links":{"self":[{"href":"https:\/\/nvnoticias.mx\/index.php\/wp-json\/wp\/v2\/posts\/100217","targetHints":{"allow":["GET"]}}],"collection":[{"href":"https:\/\/nvnoticias.mx\/index.php\/wp-json\/wp\/v2\/posts"}],"about":[{"href":"https:\/\/nvnoticias.mx\/index.php\/wp-json\/wp\/v2\/types\/post"}],"author":[{"embeddable":true,"href":"https:\/\/nvnoticias.mx\/index.php\/wp-json\/wp\/v2\/users\/8"}],"replies":[{"embeddable":true,"href":"https:\/\/nvnoticias.mx\/index.php\/wp-json\/wp\/v2\/comments?post=100217"}],"version-history":[{"count":1,"href":"https:\/\/nvnoticias.mx\/index.php\/wp-json\/wp\/v2\/posts\/100217\/revisions"}],"predecessor-version":[{"id":100221,"href":"https:\/\/nvnoticias.mx\/index.php\/wp-json\/wp\/v2\/posts\/100217\/revisions\/100221"}],"wp:featuredmedia":[{"embeddable":true,"href":"https:\/\/nvnoticias.mx\/index.php\/wp-json\/wp\/v2\/media\/100220"}],"wp:attachment":[{"href":"https:\/\/nvnoticias.mx\/index.php\/wp-json\/wp\/v2\/media?parent=100217"}],"wp:term":[{"taxonomy":"category","embeddable":true,"href":"https:\/\/nvnoticias.mx\/index.php\/wp-json\/wp\/v2\/categories?post=100217"},{"taxonomy":"post_tag","embeddable":true,"href":"https:\/\/nvnoticias.mx\/index.php\/wp-json\/wp\/v2\/tags?post=100217"}],"curies":[{"name":"wp","href":"https:\/\/api.w.org\/{rel}","templated":true}]}}