{"id":100173,"date":"2023-03-24T10:20:12","date_gmt":"2023-03-24T16:20:12","guid":{"rendered":"https:\/\/nvnoticias.mx\/?p=100173"},"modified":"2023-03-24T10:20:12","modified_gmt":"2023-03-24T16:20:12","slug":"se-resiste-inflacion-subyacente-a-bajar","status":"publish","type":"post","link":"https:\/\/nvnoticias.mx\/index.php\/2023\/03\/24\/se-resiste-inflacion-subyacente-a-bajar\/","title":{"rendered":"Se resiste inflaci\u00f3n subyacente a bajar"},"content":{"rendered":"\n<p>La\u00a0<strong>inflaci\u00f3n en M\u00e9xico<\/strong>moder\u00f3 su avance en la primera mitad de marzo, pero el\u00a0<strong>\u00edndice subyacente<\/strong>\u00a0se resiste a mostrar una tendencia clara a la baja, ante las presiones persistentes en los<strong>\u00a0precios de los servicios<\/strong>, que alcanzaron un nuevo m\u00e1ximo en 20 a\u00f1os.<\/p>\n\n\n\n<p>El\u00a0<strong>INEGI<\/strong>\u00a0inform\u00f3 que el <strong>\u00edndice general<\/strong>\u00a0subi\u00f3 7.12 por ciento a tasa anual en la primera quincena de este mes, su menor nivel en poco m\u00e1s de un a\u00f1o, ante la\u00a0<strong>desaceleraci\u00f3n<\/strong>\u00a0en el<strong>\u00a0\u00edndice no subyacente<\/strong>, que se ubic\u00f3 en 4.15 por ciento, la cifra m\u00e1s baja desde febrero del 2021.<\/p>\n\n\n\n<p>Por su parte, el\u00a0<strong>\u00edndice subyacente<\/strong>se fij\u00f3 en 8.15 por ciento, y se desaceler\u00f3 por tercera quincena consecutiva, pero a un ritmo lento y sum\u00f3 siete meses por encima del 8 por ciento.<\/p>\n\n\n\n<p>Los\u00a0<strong>precios de las mercanc\u00edas<\/strong>\u00a0han comenzado a ceder, pero los costos de los\u00a0<strong>servicios<\/strong>\u00a0siguen avanzando y se ubicaron en 5.68 por ciento en la primera mitad de ese mes, a tasa anual, niveles que no se observaban desde febrero de 2003. <\/p>\n\n\n\n<blockquote class=\"wp-block-quote is-layout-flow wp-block-quote-is-layout-flow\"><p>\u201cSi bien la\u00a0<strong>inflaci\u00f3n subyacente anual<\/strong>est\u00e1 disminuyendo, y la inflaci\u00f3n quincenal subyacente ya no registra m\u00e1ximos hist\u00f3ricos, est\u00e1 bajando a un ritmo muy lento, debido a que las\u00a0<strong>presiones<\/strong>\u00a0siguen siendo elevadas y generalizadas\u201d, se\u00f1al\u00f3 Iv\u00e1n Arias, economista de Citibanamex.<\/p><\/blockquote>\n\n\n\n<p>Consider\u00f3 que la persistencia de la\u00a0<strong>inflaci\u00f3n subyacente<\/strong>elevada est\u00e1 cada vez m\u00e1s relacionada con el componente inercial y crecientes presiones por el lado de la\u00a0<strong>demanda<\/strong>.<\/p>\n\n\n\n<p><strong>Jessica Rold\u00e1n, economista en jefe de Finamex<\/strong>, consider\u00f3 que debe preocupar la resistencia a la baja que muestra la\u00a0<strong>inflaci\u00f3n subyacente<\/strong>. Se\u00f1al\u00f3 que en este rubro hay contrastes entre las\u00a0<strong>mercanc\u00edas<\/strong>\u00a0que muestran menores\u00a0<strong>presiones<\/strong>, pero los servicios contin\u00faan con lecturas \u201cbastante elevadas\u201d.<\/p>\n\n\n\n<p>Explic\u00f3 que esto se debe a varios elementos, como el hecho de que la\u00a0<strong>inflaci\u00f3n de vivienda<\/strong>\u00a0quincena tras quincena muestra lecturas que son superiores al promedio hist\u00f3rico, y presiones con lo que tiene que ver son<strong>\u00a0alimentos fuera de casa y servicios de turismo<\/strong>.<\/p>\n\n\n\n<p>Fuente:<a href=\"https:\/\/www.elfinanciero.com.mx\/economia\/2023\/03\/24\/inflacion-subyacente-se-resiste-a-disminuir-presionan-servicios\/\" data-type=\"URL\" data-id=\"https:\/\/www.elfinanciero.com.mx\/economia\/2023\/03\/24\/inflacion-subyacente-se-resiste-a-disminuir-presionan-servicios\/\"> El Financiero<\/a><\/p>\n","protected":false},"excerpt":{"rendered":"<p>La\u00a0inflaci\u00f3n en M\u00e9xicomoder\u00f3 su avance en la primera mitad de marzo, pero el\u00a0\u00edndice subyacente\u00a0se resiste a mostrar una tendencia clara a la baja, ante las presiones persistentes en los\u00a0precios de los servicios, que alcanzaron un nuevo m\u00e1ximo en 20 a\u00f1os. El\u00a0INEGI\u00a0inform\u00f3 que el \u00edndice general\u00a0subi\u00f3 7.12 por ciento a tasa anual en la primera quincena [&hellip;]<\/p>\n","protected":false},"author":35,"featured_media":31865,"comment_status":"open","ping_status":"open","sticky":false,"template":"","format":"standard","meta":{"_monsterinsights_skip_tracking":false,"_monsterinsights_sitenote_active":false,"_monsterinsights_sitenote_note":"","_monsterinsights_sitenote_category":0,"footnotes":""},"categories":[157],"tags":[2978,24107,20503],"class_list":["post-100173","post","type-post","status-publish","format-standard","has-post-thumbnail","hentry","category-nacional","tag-inflacion","tag-se-reiste","tag-subyacente","wp-image-borders"],"amp_enabled":true,"_links":{"self":[{"href":"https:\/\/nvnoticias.mx\/index.php\/wp-json\/wp\/v2\/posts\/100173","targetHints":{"allow":["GET"]}}],"collection":[{"href":"https:\/\/nvnoticias.mx\/index.php\/wp-json\/wp\/v2\/posts"}],"about":[{"href":"https:\/\/nvnoticias.mx\/index.php\/wp-json\/wp\/v2\/types\/post"}],"author":[{"embeddable":true,"href":"https:\/\/nvnoticias.mx\/index.php\/wp-json\/wp\/v2\/users\/35"}],"replies":[{"embeddable":true,"href":"https:\/\/nvnoticias.mx\/index.php\/wp-json\/wp\/v2\/comments?post=100173"}],"version-history":[{"count":1,"href":"https:\/\/nvnoticias.mx\/index.php\/wp-json\/wp\/v2\/posts\/100173\/revisions"}],"predecessor-version":[{"id":100178,"href":"https:\/\/nvnoticias.mx\/index.php\/wp-json\/wp\/v2\/posts\/100173\/revisions\/100178"}],"wp:featuredmedia":[{"embeddable":true,"href":"https:\/\/nvnoticias.mx\/index.php\/wp-json\/wp\/v2\/media\/31865"}],"wp:attachment":[{"href":"https:\/\/nvnoticias.mx\/index.php\/wp-json\/wp\/v2\/media?parent=100173"}],"wp:term":[{"taxonomy":"category","embeddable":true,"href":"https:\/\/nvnoticias.mx\/index.php\/wp-json\/wp\/v2\/categories?post=100173"},{"taxonomy":"post_tag","embeddable":true,"href":"https:\/\/nvnoticias.mx\/index.php\/wp-json\/wp\/v2\/tags?post=100173"}],"curies":[{"name":"wp","href":"https:\/\/api.w.org\/{rel}","templated":true}]}}