{"id":1001,"date":"2021-01-13T09:46:54","date_gmt":"2021-01-13T15:46:54","guid":{"rendered":"https:\/\/nvnoticias.mx\/?p=1001"},"modified":"2021-01-13T09:46:55","modified_gmt":"2021-01-13T15:46:55","slug":"recibe-medico-del-cae-la-primera-vacuna-de-covid-19-en-veracruz","status":"publish","type":"post","link":"https:\/\/nvnoticias.mx\/index.php\/2021\/01\/13\/recibe-medico-del-cae-la-primera-vacuna-de-covid-19-en-veracruz\/","title":{"rendered":"Recibe m\u00e9dico del CAE la primera vacuna de covid-19 en Veracruz"},"content":{"rendered":"\n<p><strong>Jes\u00fas Utrilla &#8211; Sam Ojeda \/ NV Noticias<\/strong><\/p>\n\n\n\n<p>Xalapa.- La primera dosis de la vacuna contra el covid-19 a personal que atiende a pacientes con covid-19 en Veracruz la recibi\u00f3 un m\u00e9dico del Centro de Alta Especialidad &#8220;Doctor Rafael Lucio&#8221;.<\/p>\n\n\n\n<p>&nbsp;La dosis la recibi\u00f3 C\u00e1ndido Contreras M\u00e9ndez, de 35 a\u00f1os de edad, m\u00e9dico Internista con Subespecialidad en Infectolog\u00eda en el turno nocturno de \u00e1rea covid-19 del CAE.<\/p>\n\n\n\n<p>Cabe recordar que este martes lleg\u00f3 el primer lote de vacunas al Puerto de Veracruz, en esta primera entrega se rehicieron 19 mil 500 dosis de vacunas contra esta enfermedad.<\/p>\n\n\n\n<p>Las dosis fueron desarrolladas por Pfizer y BioNTech y llegaron al Aeropuerto Internacional de la Ciudad de M\u00e9xico.<\/p>\n\n\n\n<p>Se distribuir\u00e1n a lo largo del territorio nacional para comenzar con la etapa de vacunaci\u00f3n masiva en el personal de salud.<\/p>\n\n\n\n<p>Para el 18 de enero se espera la llegada de m\u00e1s 436 mil 800 dosis, las cuales ser\u00e1n aplicadas a los primeros trabajadores que fueron inoculados a finales de diciembre debido a que con la vacuna de Pfizer debe ser suministrada una segunda dosis en un plazo de 21 d\u00edas.<\/p>\n\n\n\n<p>Hasta este martes en Veracruz se han acumulado 45 mil 436 casos de covid-19, de los cuales 200 se registraron en las \u00faltimas 24 horas y 6 mil 486 decesos, de los cuales 34 ocurrieron en las \u00faltimas 24 horas.<\/p>\n","protected":false},"excerpt":{"rendered":"<p>Jes\u00fas Utrilla &#8211; Sam Ojeda \/ NV Noticias Xalapa.- La primera dosis de la vacuna contra el covid-19 a personal que atiende a pacientes con covid-19 en Veracruz la recibi\u00f3 un m\u00e9dico del Centro de Alta Especialidad &#8220;Doctor Rafael Lucio&#8221;. &nbsp;La dosis la recibi\u00f3 C\u00e1ndido Contreras M\u00e9ndez, de 35 a\u00f1os de edad, m\u00e9dico Internista con [&hellip;]<\/p>\n","protected":false},"author":6,"featured_media":1002,"comment_status":"open","ping_status":"open","sticky":false,"template":"","format":"standard","meta":{"_monsterinsights_skip_tracking":false,"_monsterinsights_sitenote_active":false,"_monsterinsights_sitenote_note":"","_monsterinsights_sitenote_category":0,"footnotes":""},"categories":[156],"tags":[175,162,217],"class_list":["post-1001","post","type-post","status-publish","format-standard","has-post-thumbnail","hentry","category-estado","tag-covid-19","tag-portada","tag-vacuna","wp-image-borders"],"amp_enabled":true,"_links":{"self":[{"href":"https:\/\/nvnoticias.mx\/index.php\/wp-json\/wp\/v2\/posts\/1001","targetHints":{"allow":["GET"]}}],"collection":[{"href":"https:\/\/nvnoticias.mx\/index.php\/wp-json\/wp\/v2\/posts"}],"about":[{"href":"https:\/\/nvnoticias.mx\/index.php\/wp-json\/wp\/v2\/types\/post"}],"author":[{"embeddable":true,"href":"https:\/\/nvnoticias.mx\/index.php\/wp-json\/wp\/v2\/users\/6"}],"replies":[{"embeddable":true,"href":"https:\/\/nvnoticias.mx\/index.php\/wp-json\/wp\/v2\/comments?post=1001"}],"version-history":[{"count":1,"href":"https:\/\/nvnoticias.mx\/index.php\/wp-json\/wp\/v2\/posts\/1001\/revisions"}],"predecessor-version":[{"id":1003,"href":"https:\/\/nvnoticias.mx\/index.php\/wp-json\/wp\/v2\/posts\/1001\/revisions\/1003"}],"wp:featuredmedia":[{"embeddable":true,"href":"https:\/\/nvnoticias.mx\/index.php\/wp-json\/wp\/v2\/media\/1002"}],"wp:attachment":[{"href":"https:\/\/nvnoticias.mx\/index.php\/wp-json\/wp\/v2\/media?parent=1001"}],"wp:term":[{"taxonomy":"category","embeddable":true,"href":"https:\/\/nvnoticias.mx\/index.php\/wp-json\/wp\/v2\/categories?post=1001"},{"taxonomy":"post_tag","embeddable":true,"href":"https:\/\/nvnoticias.mx\/index.php\/wp-json\/wp\/v2\/tags?post=1001"}],"curies":[{"name":"wp","href":"https:\/\/api.w.org\/{rel}","templated":true}]}}