{"id":100097,"date":"2023-03-23T14:21:45","date_gmt":"2023-03-23T20:21:45","guid":{"rendered":"https:\/\/nvnoticias.mx\/?p=100097"},"modified":"2023-03-23T14:21:46","modified_gmt":"2023-03-23T20:21:46","slug":"renuncia-funcionario-del-indep-por-moches-que-revelo-loret","status":"publish","type":"post","link":"https:\/\/nvnoticias.mx\/index.php\/2023\/03\/23\/renuncia-funcionario-del-indep-por-moches-que-revelo-loret\/","title":{"rendered":"Renuncia funcionario del Indep por \u201cmoches\u201d que revelo Loret"},"content":{"rendered":"\n<p>Luego de que el periodista\u00a0<strong>Carlos Loret de Mola<\/strong>\u00a0revel\u00f3 en su columna de\u00a0<strong>EL UNIVERSAL\u00a0<\/strong>que la semana pasada comparecieron en el \u00d3rgano Interno de Control del\u00a0<strong>Instituto para Devolver al Pueblo lo Robado<\/strong>\u00a0(Indep) 15 trabajadores que denunciaron que les pidieron el 30% de su salario a cambio de dejarlos trabajar en el gobierno, el organismo inform\u00f3 que el encargado de despacho de la Direcci\u00f3n Ejecutiva de Recursos Materiales, que fue se\u00f1alado, renunci\u00f3.<\/p>\n\n\n\n<p>En su columna\u00a0\u201cDelfina II: les quitan 30% de su salario en el Indep\u201d, Loret de Mola indic\u00f3: \u201cSeg\u00fan fuentes con acceso al expediente, el funcionario que se los ped\u00eda es identificado por los denunciantes como\u00a0<strong>Jos\u00e9 \u00c1ngel Anzurez Galicia<\/strong>, encargado de despacho de la Direcci\u00f3n Ejecutiva de Recursos Materiales (lo de encargado de despacho es un decir, porque seg\u00fan los registros, el individuo lleva dos a\u00f1os en ese cargo)\u201d.<\/p>\n\n\n\n<blockquote class=\"wp-block-quote is-layout-flow wp-block-quote-is-layout-flow\"><p>\u201cSeg\u00fan los testimonios presentados ante el \u00d3rgano Interno de Control del Indep, este funcionario y su esposa, que no trabaja en el Instituto, se encargan de cobrar este \u2018moche\u2019. Cuando por protocolos del gobierno federal se prohibi\u00f3 el acceso de familiares a los edificios de la administraci\u00f3n p\u00fablica, la se\u00f1ora empez\u00f3 a usar como oficina de recaudaci\u00f3n un Starbucks cercano a las oficinas. Los trabajadores afectados presentaron como pruebas, adem\u00e1s de sus testimonios, chats de WhatsApp y hasta transferencias electr\u00f3nicas\u201d, describi\u00f3 Loret.<\/p><\/blockquote>\n\n\n\n<blockquote class=\"wp-block-quote is-layout-flow wp-block-quote-is-layout-flow\"><p>\u201cLos agraviados identifican a la pareja acusada de extorsi\u00f3n como poblana, cercana a Ignacio Mier, coordinador de los diputados de Morena. La mujer busc\u00f3 una diputaci\u00f3n en la pasada Legislatura&#8221;, agreg\u00f3.<\/p><\/blockquote>\n\n\n\n<p>Ante la denuncia de los trabajadores que fue revelada por Loret, el Indep reprob\u00f3 \u201cen\u00e9rgicamente\u201d cualquier acto contrario a la legalidad \u201cy ante la probable comisi\u00f3n de alg\u00fan acto indebido\u201d el director general, Ernesto Prieto Ortega, instruy\u00f3 dar vista a las autoridades competentes para que procedan seg\u00fan normativa.<\/p>\n\n\n\n<blockquote class=\"wp-block-quote is-layout-flow wp-block-quote-is-layout-flow\"><p>\u201cSe informa que el servidor p\u00fablico involucrado, con fecha 22 de marzo del presente a\u00f1o, tom\u00f3 la determinaci\u00f3n de renunciar a su encargo, lo anterior, con la finalidad de facilitar las investigaciones que la autoridad realice\u201d, puntualiz\u00f3 el Indep a trav\u00e9s de un comunicado.<\/p><\/blockquote>\n\n\n\n<p>Fuente: <a href=\"https:\/\/www.eluniversal.com.mx\/nacion\/renuncia-funcionario-del-indep-por-moches-de-30-revelados-por-loret-de-mola\/\" data-type=\"URL\" data-id=\"https:\/\/www.eluniversal.com.mx\/nacion\/renuncia-funcionario-del-indep-por-moches-de-30-revelados-por-loret-de-mola\/\">El Universal<\/a><\/p>\n","protected":false},"excerpt":{"rendered":"<p>Luego de que el periodista\u00a0Carlos Loret de Mola\u00a0revel\u00f3 en su columna de\u00a0EL UNIVERSAL\u00a0que la semana pasada comparecieron en el \u00d3rgano Interno de Control del\u00a0Instituto para Devolver al Pueblo lo Robado\u00a0(Indep) 15 trabajadores que denunciaron que les pidieron el 30% de su salario a cambio de dejarlos trabajar en el gobierno, el organismo inform\u00f3 que el [&hellip;]<\/p>\n","protected":false},"author":35,"featured_media":100098,"comment_status":"open","ping_status":"open","sticky":false,"template":"","format":"standard","meta":{"_monsterinsights_skip_tracking":false,"_monsterinsights_sitenote_active":false,"_monsterinsights_sitenote_note":"","_monsterinsights_sitenote_category":0,"footnotes":""},"categories":[158],"tags":[4915,2930,4373,3992,2078,8987],"class_list":["post-100097","post","type-post","status-publish","format-standard","has-post-thumbnail","hentry","category-politica","tag-carlos-loret-de-mola","tag-funcionario","tag-indep","tag-moches","tag-renuncia","tag-revelo","wp-image-borders"],"amp_enabled":true,"_links":{"self":[{"href":"https:\/\/nvnoticias.mx\/index.php\/wp-json\/wp\/v2\/posts\/100097","targetHints":{"allow":["GET"]}}],"collection":[{"href":"https:\/\/nvnoticias.mx\/index.php\/wp-json\/wp\/v2\/posts"}],"about":[{"href":"https:\/\/nvnoticias.mx\/index.php\/wp-json\/wp\/v2\/types\/post"}],"author":[{"embeddable":true,"href":"https:\/\/nvnoticias.mx\/index.php\/wp-json\/wp\/v2\/users\/35"}],"replies":[{"embeddable":true,"href":"https:\/\/nvnoticias.mx\/index.php\/wp-json\/wp\/v2\/comments?post=100097"}],"version-history":[{"count":1,"href":"https:\/\/nvnoticias.mx\/index.php\/wp-json\/wp\/v2\/posts\/100097\/revisions"}],"predecessor-version":[{"id":100099,"href":"https:\/\/nvnoticias.mx\/index.php\/wp-json\/wp\/v2\/posts\/100097\/revisions\/100099"}],"wp:featuredmedia":[{"embeddable":true,"href":"https:\/\/nvnoticias.mx\/index.php\/wp-json\/wp\/v2\/media\/100098"}],"wp:attachment":[{"href":"https:\/\/nvnoticias.mx\/index.php\/wp-json\/wp\/v2\/media?parent=100097"}],"wp:term":[{"taxonomy":"category","embeddable":true,"href":"https:\/\/nvnoticias.mx\/index.php\/wp-json\/wp\/v2\/categories?post=100097"},{"taxonomy":"post_tag","embeddable":true,"href":"https:\/\/nvnoticias.mx\/index.php\/wp-json\/wp\/v2\/tags?post=100097"}],"curies":[{"name":"wp","href":"https:\/\/api.w.org\/{rel}","templated":true}]}}