{"id":100091,"date":"2023-03-23T14:05:10","date_gmt":"2023-03-23T20:05:10","guid":{"rendered":"https:\/\/nvnoticias.mx\/?p=100091"},"modified":"2023-03-23T14:05:10","modified_gmt":"2023-03-23T20:05:10","slug":"habra-actividades-en-veracruz-del-31-de-marzo-al-16-de-abril","status":"publish","type":"post","link":"https:\/\/nvnoticias.mx\/index.php\/2023\/03\/23\/habra-actividades-en-veracruz-del-31-de-marzo-al-16-de-abril\/","title":{"rendered":"Habr\u00e1 actividades en Veracruz del 31 de marzo al 16 de abril"},"content":{"rendered":"\n<p><strong>Jes\u00fas Utrilla \/ NV Noticias<\/strong><\/p>\n\n\n\n<p>Instalar\u00e1n una rueda de la fortuna en el malec\u00f3n de Veracruz y un carrusel para chicos y grades. Habilitar\u00e1n albercas en las unidades deportivas del municipio de 10 de la ma\u00f1ana a 4 de la tarde y en Semana Santa habr\u00e1 actividades art\u00edsticas, deportivas y culturales, inform\u00f3 la autoridad&nbsp;municipal.&nbsp;<\/p>\n\n\n\n<p>Se mejorar\u00e1 la oferta de actividades con gastronom\u00eda, m\u00fasica y cultura para activar todos los espacios p\u00fablicos para reafirmar a Veracruz como destino de descanso.&nbsp;<\/p>\n\n\n\n<p>Desde el 31 de marzo hasta el 16 de abril habr\u00e1 actividades recreativas para el disfrute de las familias.&nbsp;<\/p>\n\n\n\n<p>En el z\u00f3calo se colocar\u00e1 una mu\u00f1eca jarocha gigante que representa uno de los principales \u00edconos de los veracruzanos.&nbsp;<\/p>\n\n\n\n<p>Habr\u00e1 tardes de ajedrez y cine en la&nbsp;macroplaza&nbsp;del malec\u00f3n, as\u00ed como juegos gigantes en el Plaza del Migrante y en la&nbsp;macropalza.&nbsp;<\/p>\n\n\n\n<blockquote class=\"wp-block-quote is-layout-flow wp-block-quote-is-layout-flow\"><p>\u201c<em>Ya estamos listos para recibir a los visitantes en las pr\u00f3ximas vacaciones, tenemos confianza en que ser\u00e1 una\u00a0excelente\u00a0temporada que continuar\u00e1 con el impulso del sector tur\u00edstico y econ\u00f3mico de la ciudad<\/em>\u201d.\u00a0<\/p><\/blockquote>\n\n\n\n<p>La autoridades\u00a0destacaron que se realiza un arduo esfuerzo de promoci\u00f3n tur\u00edstica en distintas ciudades que cuentan con vuelos directos a Veracruz como M\u00e9rida, Tijuana, Ciudad de M\u00e9xico y Guadalajara. Tambi\u00e9n en estados que por su cercan\u00eda la gente podr\u00eda llegar v\u00eda terrestre como Puebla, Tlaxcala y Ciudad de M\u00e9xico.\u00a0Adem\u00e1s\u00a0se tendr\u00e1 presencia en el Tianguis Tur\u00edstico de la Ciudad de M\u00e9xico, para promover la llegada de visitantes y seguir reactivando la\u00a0econom\u00eda.\u00a0<\/p>\n\n\n\n<p>Los d\u00edas 14 y 15 de abril se llevar\u00e1 a cabo el Festival Gastron\u00f3mico del Pescador en el muelle de los pescadores, donde habr\u00e1 venta de&nbsp;comida del mar.&nbsp;<\/p>\n\n\n\n<p>Habr\u00e1 una&nbsp;rumbata&nbsp;del Carnaval para dar a conocer las fiestas a desarrollarse en el verano.&nbsp;<\/p>\n","protected":false},"excerpt":{"rendered":"<p>Jes\u00fas Utrilla \/ NV Noticias Instalar\u00e1n una rueda de la fortuna en el malec\u00f3n de Veracruz y un carrusel para chicos y grades. Habilitar\u00e1n albercas en las unidades deportivas del municipio de 10 de la ma\u00f1ana a 4 de la tarde y en Semana Santa habr\u00e1 actividades art\u00edsticas, deportivas y culturales, inform\u00f3 la autoridad&nbsp;municipal.&nbsp; Se [&hellip;]<\/p>\n","protected":false},"author":8,"featured_media":100092,"comment_status":"open","ping_status":"open","sticky":false,"template":"","format":"standard","meta":{"_monsterinsights_skip_tracking":false,"_monsterinsights_sitenote_active":false,"_monsterinsights_sitenote_note":"","_monsterinsights_sitenote_category":0,"footnotes":""},"categories":[154],"tags":[3073,1474,180],"class_list":["post-100091","post","type-post","status-publish","format-standard","has-post-thumbnail","hentry","category-veracruz","tag-actividades","tag-semana-santa","tag-veracruz","wp-image-borders"],"amp_enabled":true,"_links":{"self":[{"href":"https:\/\/nvnoticias.mx\/index.php\/wp-json\/wp\/v2\/posts\/100091","targetHints":{"allow":["GET"]}}],"collection":[{"href":"https:\/\/nvnoticias.mx\/index.php\/wp-json\/wp\/v2\/posts"}],"about":[{"href":"https:\/\/nvnoticias.mx\/index.php\/wp-json\/wp\/v2\/types\/post"}],"author":[{"embeddable":true,"href":"https:\/\/nvnoticias.mx\/index.php\/wp-json\/wp\/v2\/users\/8"}],"replies":[{"embeddable":true,"href":"https:\/\/nvnoticias.mx\/index.php\/wp-json\/wp\/v2\/comments?post=100091"}],"version-history":[{"count":1,"href":"https:\/\/nvnoticias.mx\/index.php\/wp-json\/wp\/v2\/posts\/100091\/revisions"}],"predecessor-version":[{"id":100093,"href":"https:\/\/nvnoticias.mx\/index.php\/wp-json\/wp\/v2\/posts\/100091\/revisions\/100093"}],"wp:featuredmedia":[{"embeddable":true,"href":"https:\/\/nvnoticias.mx\/index.php\/wp-json\/wp\/v2\/media\/100092"}],"wp:attachment":[{"href":"https:\/\/nvnoticias.mx\/index.php\/wp-json\/wp\/v2\/media?parent=100091"}],"wp:term":[{"taxonomy":"category","embeddable":true,"href":"https:\/\/nvnoticias.mx\/index.php\/wp-json\/wp\/v2\/categories?post=100091"},{"taxonomy":"post_tag","embeddable":true,"href":"https:\/\/nvnoticias.mx\/index.php\/wp-json\/wp\/v2\/tags?post=100091"}],"curies":[{"name":"wp","href":"https:\/\/api.w.org\/{rel}","templated":true}]}}