{"id":100085,"date":"2023-03-23T13:54:37","date_gmt":"2023-03-23T19:54:37","guid":{"rendered":"https:\/\/nvnoticias.mx\/?p=100085"},"modified":"2023-03-23T13:54:38","modified_gmt":"2023-03-23T19:54:38","slug":"otorga-jueza-federal-tres-dias-al-senado-para-designar-nuevos-comisionados-del-inai","status":"publish","type":"post","link":"https:\/\/nvnoticias.mx\/index.php\/2023\/03\/23\/otorga-jueza-federal-tres-dias-al-senado-para-designar-nuevos-comisionados-del-inai\/","title":{"rendered":"Otorga jueza federal tres d\u00edas al Senado para designar nuevos comisionados del INAI"},"content":{"rendered":"\n<p>Una juez federal urgi\u00f3 al\u00a0Senado\u00a0de la Rep\u00fablica\u00a0a que\u00a0<strong>en tres d\u00edas designe a los dos comisionados<\/strong>\u00a0del Instituto Nacional de Transparencia, Acceso a la Informaci\u00f3n y Protecci\u00f3n de Datos Personales (INAI) que debieron nombrarse desde abril del a\u00f1o pasado.<\/p>\n\n\n\n<p>El Consejo Consultivo del INAI, que promovi\u00f3 un amparo contra la omisi\u00f3n del Senado, inform\u00f3 que en seguimiento a la acci\u00f3n adicional interpuesta junto con el Consejo de Litigio Estrat\u00e9gico el pasado viernes 17 de marzo, la titular del Juzgado D\u00e9cimo S\u00e9ptimo de Distrito en Materia Administrativa apercibi\u00f3 este jueves al Senado para que demuestre el cumplimiento de la suspensi\u00f3n definitiva que ya hab\u00eda sido otorgada, es decir,\u00a0<strong>que designe a la comisionada y el comisionado en las vacantes que desde hace un a\u00f1o debi\u00f3 designar.<\/strong><\/p>\n\n\n\n<p>Adem\u00e1s, la juez instruy\u00f3 a la&nbsp;<a href=\"https:\/\/www.milenio.com\/temas\/jucopo\">Junta de Coordinaci\u00f3n Pol\u00edtica<\/a>&nbsp;(Jucopo) a no dar m\u00e1s evasivas en el asunto.<\/p>\n\n\n\n<blockquote class=\"wp-block-quote is-layout-flow wp-block-quote-is-layout-flow\"><p>&#8220;Toda vez que la Junta de Coordinaci\u00f3n Pol\u00edtica de la C\u00e1mara de Senadores del Congreso de la Uni\u00f3n ha sido omisa en remitir las documentales con las que acredite haber dado cumplimiento a la suspensi\u00f3n con fundamento en los art\u00edculos 143 y 158 de la Ley de Amparo, se le requiere para que dentro del t\u00e9rmino de tres d\u00edas siguientes a aqu\u00e9l en que surta efectos la notificaci\u00f3n del presente prove\u00eddo, acrediten de manera efectiva, sin evasivas que han dado cumplimiento a la suspensi\u00f3n definitiva&#8221;, manifest\u00f3.<\/p><\/blockquote>\n\n\n\n<p><strong>Este ultim\u00e1tum se da en el marco del informe anual de la comisionada presidenta del INAI ante el Senado<\/strong>, que se realizar\u00e1 hoy, y a una semana de que el organismo quede con cuatro comisionados, lo que lo dejar\u00eda sin quorum legal para tener sesiones v\u00e1lidas.<\/p>\n\n\n\n<p>Ante la omisi\u00f3n reiterada por casi un a\u00f1o por parte del Senado para cumplir con lo establecido en la Constituci\u00f3n y designar los dos comisionados que reemplacen a\u00a0\u00d3scar Guerra Ford\u00a0y\u00a0<strong>Rosendoevgueni Monterrey<\/strong>,\u00a0<strong>que dejaron sus cargos el 31 de marzo de 2022<\/strong>, el Consejo Consultivo del INAI y el Consejo de Litigio Estrat\u00e9gico promovieron desde el a\u00f1o pasado un amparo para obligar a los senadores a acelerar el proceso.<\/p>\n\n\n\n<p>La juez D\u00e9cimo S\u00e9ptima de Distrito hab\u00eda desechado el juicio, por lo que un tribunal colegiado le orden\u00f3 admitirlo y pronunciarse al respecto.<\/p>\n\n\n\n<p>Cuando la juez admiti\u00f3 el caso, otorg\u00f3 la suspensi\u00f3n definitiva contra la omisi\u00f3n y orden\u00f3 al Senado a cumplir con las designaciones.<\/p>\n\n\n\n<p>Fuente: <a href=\"https:\/\/www.milenio.com\/politica\/senado-debera-designar-comisionados-inai-3-jueza\" data-type=\"URL\" data-id=\"https:\/\/www.milenio.com\/politica\/senado-debera-designar-comisionados-inai-3-jueza\">Milenio<\/a><\/p>\n","protected":false},"excerpt":{"rendered":"<p>Una juez federal urgi\u00f3 al\u00a0Senado\u00a0de la Rep\u00fablica\u00a0a que\u00a0en tres d\u00edas designe a los dos comisionados\u00a0del Instituto Nacional de Transparencia, Acceso a la Informaci\u00f3n y Protecci\u00f3n de Datos Personales (INAI) que debieron nombrarse desde abril del a\u00f1o pasado. El Consejo Consultivo del INAI, que promovi\u00f3 un amparo contra la omisi\u00f3n del Senado, inform\u00f3 que en seguimiento [&hellip;]<\/p>\n","protected":false},"author":35,"featured_media":44262,"comment_status":"open","ping_status":"open","sticky":false,"template":"","format":"standard","meta":{"_monsterinsights_skip_tracking":false,"_monsterinsights_sitenote_active":false,"_monsterinsights_sitenote_note":"","_monsterinsights_sitenote_category":0,"footnotes":""},"categories":[158],"tags":[21482,24096,355,12224,11672,369],"class_list":["post-100085","post","type-post","status-publish","format-standard","has-post-thumbnail","hentry","category-politica","tag-comisionados","tag-designar","tag-inai","tag-jueza","tag-otorga","tag-senado","wp-image-borders"],"amp_enabled":true,"_links":{"self":[{"href":"https:\/\/nvnoticias.mx\/index.php\/wp-json\/wp\/v2\/posts\/100085","targetHints":{"allow":["GET"]}}],"collection":[{"href":"https:\/\/nvnoticias.mx\/index.php\/wp-json\/wp\/v2\/posts"}],"about":[{"href":"https:\/\/nvnoticias.mx\/index.php\/wp-json\/wp\/v2\/types\/post"}],"author":[{"embeddable":true,"href":"https:\/\/nvnoticias.mx\/index.php\/wp-json\/wp\/v2\/users\/35"}],"replies":[{"embeddable":true,"href":"https:\/\/nvnoticias.mx\/index.php\/wp-json\/wp\/v2\/comments?post=100085"}],"version-history":[{"count":1,"href":"https:\/\/nvnoticias.mx\/index.php\/wp-json\/wp\/v2\/posts\/100085\/revisions"}],"predecessor-version":[{"id":100089,"href":"https:\/\/nvnoticias.mx\/index.php\/wp-json\/wp\/v2\/posts\/100085\/revisions\/100089"}],"wp:featuredmedia":[{"embeddable":true,"href":"https:\/\/nvnoticias.mx\/index.php\/wp-json\/wp\/v2\/media\/44262"}],"wp:attachment":[{"href":"https:\/\/nvnoticias.mx\/index.php\/wp-json\/wp\/v2\/media?parent=100085"}],"wp:term":[{"taxonomy":"category","embeddable":true,"href":"https:\/\/nvnoticias.mx\/index.php\/wp-json\/wp\/v2\/categories?post=100085"},{"taxonomy":"post_tag","embeddable":true,"href":"https:\/\/nvnoticias.mx\/index.php\/wp-json\/wp\/v2\/tags?post=100085"}],"curies":[{"name":"wp","href":"https:\/\/api.w.org\/{rel}","templated":true}]}}