{"id":100082,"date":"2023-03-23T13:43:16","date_gmt":"2023-03-23T19:43:16","guid":{"rendered":"https:\/\/nvnoticias.mx\/?p=100082"},"modified":"2023-03-23T13:43:17","modified_gmt":"2023-03-23T19:43:17","slug":"se-suman-mas-denuncias-contra-el-regidor-sebastian-n","status":"publish","type":"post","link":"https:\/\/nvnoticias.mx\/index.php\/2023\/03\/23\/se-suman-mas-denuncias-contra-el-regidor-sebastian-n\/","title":{"rendered":"Se suman m\u00e1s denuncias contra el regidor Sebasti\u00e1n N"},"content":{"rendered":"\n<p><strong>Jes\u00fas Utrilla\u00a0\/ NV Noticias<\/strong><\/p>\n\n\n\n<p>M\u00e1s denuncias se sumaron contra el regidor de Morena del Ayuntamiento de Veracruz Sebasti\u00e1n C, por supuesto acoso y abuso sexual, inform\u00f3 la regidora priista Bel\u00e9m Palmeros\u00a0Exome.\u00a0<\/p>\n\n\n\n<p>Dijo que al menos 16 mujeres se\u00f1alan al regidor de Morena y ser\u00e1n 7 mujeres quienes denuncien ante&nbsp;la&nbsp;Fiscal\u00eda General&nbsp;del Estado.&nbsp;<\/p>\n\n\n\n<p>Las denuncias fueron hechas a trav\u00e9s de redes sociales y ella como regidora se acerc\u00f3 a las presuntas v\u00edctimas porque debe denunciarse formalmente para que se realice la investigaci\u00f3n.&nbsp;<\/p>\n\n\n\n<blockquote class=\"wp-block-quote is-layout-flow wp-block-quote-is-layout-flow\"><p>\u00a0&#8220;<em>Incluso el d\u00eda de ayer me contactaron dos chicas, entonces ya estamos hablando de m\u00e1s mujeres que quieren levantar sus denuncias. yo las canalice con las victimas porque ellas se est\u00e1n organizando, lo grave es que se siguen sumando m\u00e1s mujeres, 3 ya pusieron las denuncias y las otras 3 las pondr\u00e1n en esta semana, es un hecho vergonzoso<\/em>&#8220;.\u00a0<\/p><\/blockquote>\n\n\n\n<p>Insisti\u00f3 en que Sebasti\u00e1n C&nbsp;deber\u00eda de separarse del cargo para enfrentar las acusaciones de supuesto acoso y violaci\u00f3n. Y es que podr\u00eda ocupar su cargo para intimidar a las presuntas v\u00edctimas. Por ello la regidora pidi\u00f3 que el proceso sea apegado a derecho y se determine&nbsp;correctamente&nbsp;al respecto.&nbsp;<\/p>\n\n\n\n<blockquote class=\"wp-block-quote is-layout-flow wp-block-quote-is-layout-flow\"><p>&#8220;<em>Realmente quien lo puede separar del cargo es el Congreso Local, yo si hago un llamado a las diputadas para que se acerquen a las v\u00edctimas, para que las conozcan, que por favor le den seguimiento al tema. Desconozco si es por medio de un juicio pol\u00edtico o si es a trav\u00e9s de las denuncias penales, los regidores no tenemos fuero y ya existen denuncias formales, esto es un tema serio&#8221;.\u00a0<\/em><\/p><\/blockquote>\n","protected":false},"excerpt":{"rendered":"<p>Jes\u00fas Utrilla\u00a0\/ NV Noticias M\u00e1s denuncias se sumaron contra el regidor de Morena del Ayuntamiento de Veracruz Sebasti\u00e1n C, por supuesto acoso y abuso sexual, inform\u00f3 la regidora priista Bel\u00e9m Palmeros\u00a0Exome.\u00a0 Dijo que al menos 16 mujeres se\u00f1alan al regidor de Morena y ser\u00e1n 7 mujeres quienes denuncien ante&nbsp;la&nbsp;Fiscal\u00eda General&nbsp;del Estado.&nbsp; Las denuncias fueron hechas [&hellip;]<\/p>\n","protected":false},"author":8,"featured_media":100083,"comment_status":"open","ping_status":"open","sticky":false,"template":"","format":"standard","meta":{"_monsterinsights_skip_tracking":false,"_monsterinsights_sitenote_active":false,"_monsterinsights_sitenote_note":"","_monsterinsights_sitenote_category":0,"footnotes":""},"categories":[154],"tags":[24095,2678,3008,24094],"class_list":["post-100082","post","type-post","status-publish","format-standard","has-post-thumbnail","hentry","category-veracruz","tag-belem-palmeros","tag-denuncias","tag-regidor","tag-sebastian-n","wp-image-borders"],"amp_enabled":true,"_links":{"self":[{"href":"https:\/\/nvnoticias.mx\/index.php\/wp-json\/wp\/v2\/posts\/100082","targetHints":{"allow":["GET"]}}],"collection":[{"href":"https:\/\/nvnoticias.mx\/index.php\/wp-json\/wp\/v2\/posts"}],"about":[{"href":"https:\/\/nvnoticias.mx\/index.php\/wp-json\/wp\/v2\/types\/post"}],"author":[{"embeddable":true,"href":"https:\/\/nvnoticias.mx\/index.php\/wp-json\/wp\/v2\/users\/8"}],"replies":[{"embeddable":true,"href":"https:\/\/nvnoticias.mx\/index.php\/wp-json\/wp\/v2\/comments?post=100082"}],"version-history":[{"count":1,"href":"https:\/\/nvnoticias.mx\/index.php\/wp-json\/wp\/v2\/posts\/100082\/revisions"}],"predecessor-version":[{"id":100084,"href":"https:\/\/nvnoticias.mx\/index.php\/wp-json\/wp\/v2\/posts\/100082\/revisions\/100084"}],"wp:featuredmedia":[{"embeddable":true,"href":"https:\/\/nvnoticias.mx\/index.php\/wp-json\/wp\/v2\/media\/100083"}],"wp:attachment":[{"href":"https:\/\/nvnoticias.mx\/index.php\/wp-json\/wp\/v2\/media?parent=100082"}],"wp:term":[{"taxonomy":"category","embeddable":true,"href":"https:\/\/nvnoticias.mx\/index.php\/wp-json\/wp\/v2\/categories?post=100082"},{"taxonomy":"post_tag","embeddable":true,"href":"https:\/\/nvnoticias.mx\/index.php\/wp-json\/wp\/v2\/tags?post=100082"}],"curies":[{"name":"wp","href":"https:\/\/api.w.org\/{rel}","templated":true}]}}