{"id":100079,"date":"2023-03-23T13:27:05","date_gmt":"2023-03-23T19:27:05","guid":{"rendered":"https:\/\/nvnoticias.mx\/?p=100079"},"modified":"2023-03-23T13:27:06","modified_gmt":"2023-03-23T19:27:06","slug":"ciudadania-y-partidos","status":"publish","type":"post","link":"https:\/\/nvnoticias.mx\/index.php\/2023\/03\/23\/ciudadania-y-partidos\/","title":{"rendered":"Ciudadan\u00eda y partidos"},"content":{"rendered":"\n<p><strong>Juan Jos\u00e9 Rodr\u00edguez Prats<\/strong><\/p>\n\n\n\n<blockquote class=\"wp-block-quote is-layout-flow wp-block-quote-is-layout-flow\"><p><em>Toda \u00e9poca tiene sus enfermedades emblem\u00e1ticas.<\/em><\/p><cite><strong>Byung-Chul Han<\/strong><\/cite><\/blockquote>\n\n\n\n<p>A pesar de que todav\u00eda no llegamos a la primera cuarta parte del siglo XXI, me atrevo a calificarlo como el del alboroto, de la tribulaci\u00f3n, de la incertidumbre. \u00a1Ahora resulta que con tanta sabidur\u00eda acumulada no sabemos qu\u00e9 hacer!<\/p>\n\n\n\n<p>El caso de M\u00e9xico es pat\u00e9tico. Estamos enredados en cuestiones elementales que deber\u00edamos haber dilucidado hace ya muchas d\u00e9cadas. Me refiero principalmente a asuntos nada intrascendentes: \u00e9tica, pol\u00edtica y derecho.<\/p>\n\n\n\n<p>\u00a1Qu\u00e9 c\u00edrculo vicioso m\u00e1s da\u00f1ino! Nuestros partidos son hoy agrupaciones herm\u00e9ticas para repartir privilegios, viendo a la ciudadan\u00eda como una amenaza a sus intereses. Los ciudadanos, a su vez, se sienten inmunes a tentaciones que califican de pecaminosas para simular su indolencia en relaci\u00f3n con asuntos en los que todos debemos inmiscuirnos. Evidentemente, as\u00ed no se puede hacer pol\u00edtica ni mucho menos constituir una aut\u00e9ntica democracia que son sin\u00f3nimos de participaci\u00f3n y responsabilidad.<\/p>\n\n\n\n<p>He ah\u00ed, creo yo, el gran tema de nuestro tiempo. Mientras ese mal cultural no sea superado, el populismo que es, al final de cuentas, demagogia, seguir\u00e1 avanzando.<\/p>\n\n\n\n<p>Los estudiosos de las sociedades coinciden en se\u00f1alar la erosi\u00f3n de los partidos como causa del derrumbe de los sistemas pol\u00edticos democr\u00e1ticos. Basta asomarnos a los periodos previos al arribo del autoritarismo para percibir el ataque furibundo y sistem\u00e1tico a las organizaciones que deben aglutinar las individualidades para conformar una acci\u00f3n colectiva. Surgen los mes\u00edas, los hombres milagrosos y m\u00e1gicos que sin ning\u00fan rubor se ofrecen como \u00fanica y exclusiva salvaci\u00f3n.<\/p>\n\n\n\n<p>Escuchaba recientemente a un l\u00edder empresarial referirse a todos los pol\u00edticos como corruptos y descalificar a quienes militamos en instituciones de participaci\u00f3n social, neg\u00e1ndonos inclusive nuestra calidad de ciudadanos. Le\u00eda tambi\u00e9n a un dirigente sugerir que el pr\u00f3ximo candidato a la Presidencia&nbsp; de la Rep\u00fablica no tenga ninguna afiliaci\u00f3n partidista, como si fuera un estigma. Tal parece que la experiencia o la carrera profesional en lugar de acreditar m\u00e9ritos son motivo de sospecha y de exclusi\u00f3n.<\/p>\n\n\n\n<p>Todo esto constituye una grave patolog\u00eda. Si no la superamos, continuaremos hundi\u00e9ndonos m\u00e1s.<\/p>\n\n\n\n<p>En las dictaduras no se hace pol\u00edtica, las \u00f3rdenes simplemente se obedecen sin cuestionar. En las democracias, por el contrario, se ha adoptado un m\u00e9todo que puede ser manipulable: se eligen candidatos por encuestas que, obviamente ganan quienes m\u00e1s propaganda hagan y dispongan de m\u00e1s recursos, l\u00edcitos o il\u00edcitos.<\/p>\n\n\n\n<p>En su evoluci\u00f3n, la humanidad ha venido dise\u00f1ando mecanismos que, a pesar de sus fallas, han probado ser funcionales para elegir gobernantes y para controlarlos en el ejercicio del poder. Eso es, en s\u00edntesis, la democracia liberal.<\/p>\n\n\n\n<p>Los miembros de cada partido tienen el derecho y la obligaci\u00f3n, conoci\u00e9ndose entre ellos mismos, de postular a quienes consideren id\u00f3neos a los cargos en disputa. No deben prevalecer simplemente las posibilidades de \u00e9xito, sino que tambi\u00e9n debe tomarse en cuenta que correspondan al perfil que cada cargo requiere, abriendo las posibilidades de acuerdo.<\/p>\n\n\n\n<p>Tenemos poco tiempo. Pocas veces en nuestra historia la vida p\u00fablica ha estado tan degradada y pervertida como en esta \u00e9poca. Los vicios y la inmoralidad se han tornado como la normalidad, la costumbre, la vida cotidiana. La tarea es may\u00fascula. El principal objetivo es evitar males mayores; en otras palabras, detener esta decadencia.<\/p>\n\n\n\n<p>Partidos y parlamentos son factores sustanciales de la vida democr\u00e1tica. Sin participaci\u00f3n y deliberaci\u00f3n las autocracias se fortalecen.<\/p>\n\n\n\n<p>Esta labor no puede consistir en un llamado a la discordia. Debe ser la era de la generosidad. Si hablamos de generaciones, me atrever\u00eda a exigirle a la actual que sea estoica, llamada a la entrega, al servicio de los dem\u00e1s. Suena ut\u00f3pico y anacr\u00f3nico, pero como escribe Irene Vallejo: \u201cUn n\u00e1ufrago siempre es un hombre alegre, al menos hasta que se detiene a pensar\u201d.<\/p>\n","protected":false},"excerpt":{"rendered":"<p>Juan Jos\u00e9 Rodr\u00edguez Prats Toda \u00e9poca tiene sus enfermedades emblem\u00e1ticas. Byung-Chul Han A pesar de que todav\u00eda no llegamos a la primera cuarta parte del siglo XXI, me atrevo a calificarlo como el del alboroto, de la tribulaci\u00f3n, de la incertidumbre. \u00a1Ahora resulta que con tanta sabidur\u00eda acumulada no sabemos qu\u00e9 hacer! El caso de [&hellip;]<\/p>\n","protected":false},"author":17,"featured_media":100080,"comment_status":"open","ping_status":"open","sticky":false,"template":"","format":"standard","meta":{"_monsterinsights_skip_tracking":false,"_monsterinsights_sitenote_active":false,"_monsterinsights_sitenote_note":"","_monsterinsights_sitenote_category":0,"footnotes":""},"categories":[614],"tags":[397],"class_list":["post-100079","post","type-post","status-publish","format-standard","has-post-thumbnail","hentry","category-politica-de-principios","tag-juan-jose-rodriguez-prats-2","wp-image-borders"],"amp_enabled":true,"_links":{"self":[{"href":"https:\/\/nvnoticias.mx\/index.php\/wp-json\/wp\/v2\/posts\/100079","targetHints":{"allow":["GET"]}}],"collection":[{"href":"https:\/\/nvnoticias.mx\/index.php\/wp-json\/wp\/v2\/posts"}],"about":[{"href":"https:\/\/nvnoticias.mx\/index.php\/wp-json\/wp\/v2\/types\/post"}],"author":[{"embeddable":true,"href":"https:\/\/nvnoticias.mx\/index.php\/wp-json\/wp\/v2\/users\/17"}],"replies":[{"embeddable":true,"href":"https:\/\/nvnoticias.mx\/index.php\/wp-json\/wp\/v2\/comments?post=100079"}],"version-history":[{"count":1,"href":"https:\/\/nvnoticias.mx\/index.php\/wp-json\/wp\/v2\/posts\/100079\/revisions"}],"predecessor-version":[{"id":100081,"href":"https:\/\/nvnoticias.mx\/index.php\/wp-json\/wp\/v2\/posts\/100079\/revisions\/100081"}],"wp:featuredmedia":[{"embeddable":true,"href":"https:\/\/nvnoticias.mx\/index.php\/wp-json\/wp\/v2\/media\/100080"}],"wp:attachment":[{"href":"https:\/\/nvnoticias.mx\/index.php\/wp-json\/wp\/v2\/media?parent=100079"}],"wp:term":[{"taxonomy":"category","embeddable":true,"href":"https:\/\/nvnoticias.mx\/index.php\/wp-json\/wp\/v2\/categories?post=100079"},{"taxonomy":"post_tag","embeddable":true,"href":"https:\/\/nvnoticias.mx\/index.php\/wp-json\/wp\/v2\/tags?post=100079"}],"curies":[{"name":"wp","href":"https:\/\/api.w.org\/{rel}","templated":true}]}}