{"id":100076,"date":"2023-03-23T13:20:43","date_gmt":"2023-03-23T19:20:43","guid":{"rendered":"https:\/\/nvnoticias.mx\/?p=100076"},"modified":"2023-03-23T13:20:45","modified_gmt":"2023-03-23T19:20:45","slug":"reporta-espinal-con-el-aguila","status":"publish","type":"post","link":"https:\/\/nvnoticias.mx\/index.php\/2023\/03\/23\/reporta-espinal-con-el-aguila\/","title":{"rendered":"Reporta Espinal con El \u00c1guila"},"content":{"rendered":"\n<p>El sonido del contacto de la pelota al bat fue fuerte y claro, esa la pelota vol\u00f3 por el jard\u00edn derecho y ese fue el primer batazo del dominicano Edwin Espinal, quien report\u00f3 a la pretemporada de El \u00c1guila de Veracruz en el Estadio Beto \u00c1vila.<\/p>\n\n\n\n<p>El dominicano Edwin Espinal fue la novedad en el d\u00eda nueve de pretemporada y desde el primer momento entren\u00f3 al parejo del equipo.<\/p>\n\n\n\n<p>El inicialista apodado \u201cerr ni\u00f1o\u201d se mostr\u00f3 contento de llegar a una tierra muy parecida a Rep\u00fablica Dominicana y donde compartir\u00e1 terreno con conocidos de la pelota.<\/p>\n\n\n\n<blockquote class=\"wp-block-quote is-layout-flow wp-block-quote-is-layout-flow\"><p>\u201c<em>Me he sentido contento en el primer d\u00eda, el calorcito que se parece a mi isla y contento de estar en el terreno.<\/em><\/p><\/blockquote>\n\n\n\n<blockquote class=\"wp-block-quote is-layout-flow wp-block-quote-is-layout-flow\"><p>\u201c<em>Antes de llegar me puse en contacto con Amarista, con \u201cCacao\u201d mi paisano, por ah\u00ed viene Gustavo Nu\u00f1ez, Giansanti y Liddi, esperamos dar lo mejor de nosotros y ayudar a esta organizaci\u00f3n.<\/em><\/p><\/blockquote>\n\n\n\n<blockquote class=\"wp-block-quote is-layout-flow wp-block-quote-is-layout-flow\"><p><em>Hablar de Rep\u00fablica Dominicana es recordar a uno de los jugadores m\u00e1s emblem\u00e1ticos de la \u00e9poca moderna de El Glorioso, el jonronero Willis Ota\u00f1ez, por lo que Espinal siente compromiso no escatimar en esfuerzos para tener alg\u00fan d\u00eda un desempe\u00f1o como el del \u201chombre del flow\u201d.<\/em><\/p><\/blockquote>\n\n\n\n<blockquote class=\"wp-block-quote is-layout-flow wp-block-quote-is-layout-flow\"><p>\u201c<em>Aqu\u00ed jug\u00f3 el caballete Offerman y de Ota\u00f1ez ni que decir, donde quiera que \u00e9l ha ido, se ha hecho grande, contento de estar aqu\u00ed donde ellos tambi\u00e9n han participado en el pasado.<\/em><\/p><\/blockquote>\n\n\n\n<blockquote class=\"wp-block-quote is-layout-flow wp-block-quote-is-layout-flow\"><p>\u201c<em>Dar lo mejor de m\u00ed para ayudar a esta organizaci\u00f3n a ganar, dar mi granito de arena y vamos a trabajar para ver si podemos traer el guante de oro a esta organizaci\u00f3n<\/em>\u201d, sentenci\u00f3 el dominicano.<\/p><\/blockquote>\n\n\n\n<p>El \u00c1guila de Veracruz tendr\u00e1 su primer juego de preparaci\u00f3n este viernes a las 14:00 horas en el campo deportivo Am\u00e9rica en el municipio Paso del Macho, Veracruz, cuando enfrente a una selecci\u00f3n local.<\/p>\n","protected":false},"excerpt":{"rendered":"<p>El sonido del contacto de la pelota al bat fue fuerte y claro, esa la pelota vol\u00f3 por el jard\u00edn derecho y ese fue el primer batazo del dominicano Edwin Espinal, quien report\u00f3 a la pretemporada de El \u00c1guila de Veracruz en el Estadio Beto \u00c1vila. El dominicano Edwin Espinal fue la novedad en el [&hellip;]<\/p>\n","protected":false},"author":8,"featured_media":100077,"comment_status":"open","ping_status":"open","sticky":false,"template":"","format":"standard","meta":{"_monsterinsights_skip_tracking":false,"_monsterinsights_sitenote_active":false,"_monsterinsights_sitenote_note":"","_monsterinsights_sitenote_category":0,"footnotes":""},"categories":[159],"tags":[24093,1195],"class_list":["post-100076","post","type-post","status-publish","format-standard","has-post-thumbnail","hentry","category-deportes","tag-edwin-espinal","tag-el-aguila-de-veracruz","wp-image-borders"],"amp_enabled":true,"_links":{"self":[{"href":"https:\/\/nvnoticias.mx\/index.php\/wp-json\/wp\/v2\/posts\/100076","targetHints":{"allow":["GET"]}}],"collection":[{"href":"https:\/\/nvnoticias.mx\/index.php\/wp-json\/wp\/v2\/posts"}],"about":[{"href":"https:\/\/nvnoticias.mx\/index.php\/wp-json\/wp\/v2\/types\/post"}],"author":[{"embeddable":true,"href":"https:\/\/nvnoticias.mx\/index.php\/wp-json\/wp\/v2\/users\/8"}],"replies":[{"embeddable":true,"href":"https:\/\/nvnoticias.mx\/index.php\/wp-json\/wp\/v2\/comments?post=100076"}],"version-history":[{"count":1,"href":"https:\/\/nvnoticias.mx\/index.php\/wp-json\/wp\/v2\/posts\/100076\/revisions"}],"predecessor-version":[{"id":100078,"href":"https:\/\/nvnoticias.mx\/index.php\/wp-json\/wp\/v2\/posts\/100076\/revisions\/100078"}],"wp:featuredmedia":[{"embeddable":true,"href":"https:\/\/nvnoticias.mx\/index.php\/wp-json\/wp\/v2\/media\/100077"}],"wp:attachment":[{"href":"https:\/\/nvnoticias.mx\/index.php\/wp-json\/wp\/v2\/media?parent=100076"}],"wp:term":[{"taxonomy":"category","embeddable":true,"href":"https:\/\/nvnoticias.mx\/index.php\/wp-json\/wp\/v2\/categories?post=100076"},{"taxonomy":"post_tag","embeddable":true,"href":"https:\/\/nvnoticias.mx\/index.php\/wp-json\/wp\/v2\/tags?post=100076"}],"curies":[{"name":"wp","href":"https:\/\/api.w.org\/{rel}","templated":true}]}}