{"id":100025,"date":"2023-03-23T10:22:29","date_gmt":"2023-03-23T16:22:29","guid":{"rendered":"https:\/\/nvnoticias.mx\/?p=100025"},"modified":"2023-03-23T10:22:31","modified_gmt":"2023-03-23T16:22:31","slug":"alejandro-moreno-tiene-secuestrado-al-pri-osorio-chong","status":"publish","type":"post","link":"https:\/\/nvnoticias.mx\/index.php\/2023\/03\/23\/alejandro-moreno-tiene-secuestrado-al-pri-osorio-chong\/","title":{"rendered":"Alejandro Moreno tiene \u2018secuestrado\u2019 al PRI: Osorio Chong"},"content":{"rendered":"\n<p><strong>Miguel \u00c1ngel\u00a0Osorio Chong<\/strong>\u00a0acus\u00f3 que Alejandro Moreno tiene secuestrado al Partido Revolucionario Institucional (PRI).<\/p>\n\n\n\n<p>Osorio Chong dej\u00f3 la coordinaci\u00f3n parlamentaria del PRI, luego de que legisladores de su partido solicitaran una reuni\u00f3n para buscar su remoci\u00f3n del cargo el mi\u00e9rcoles.<\/p>\n\n\n\n<p>Al ser cuestionado sobre cu\u00e1l ser\u00e1 su camino ahora, el senador dijo que seguir\u00e1 adelante en su b\u00fasqueda por rescatar al PRI.<\/p>\n\n\n\n<blockquote class=\"wp-block-quote is-layout-flow wp-block-quote-is-layout-flow\"><p>\u201cSeguir adelante en la recuperaci\u00f3n del PRI.\u00a0<strong>No dejar que este personaje que es Alejandro Moreno, el que tiene secuestrado al PRI, siga adelante.<\/strong>\u00a0S\u00e9 que es un camino no f\u00e1cil, pero por supuesto que estos millones de priistas, este 16 por ciento que se dice que se tiene por parte del PRI en la militancia en los estados, que est\u00e1 enojada, no se quede sola. Y voy a seguir adelante\u201d, afirm\u00f3 en una entrevista.<\/p><\/blockquote>\n\n\n\n<p>Osorio Chong ya hab\u00eda adelantado que no dejar\u00eda el partido para \u201cno darle gusto\u201d a la dirigencia del PRI, a cargo de<strong>&nbsp;\u2018Alito\u2019 Moreno.&nbsp;<\/strong>Y este jueves reafirm\u00f3 su intenci\u00f3n de mantenerse ah\u00ed.<\/p>\n\n\n\n<blockquote class=\"wp-block-quote is-layout-flow wp-block-quote-is-layout-flow\"><p>\u201cEl que algunos se presten a estas acciones que realiza Alejandro Moreno no quiere decir que todos estemos en ese mismo camino. Yo estoy abiertamente declarado en contra de su permanencia, del secuestro, del que crea que le pertenece el PRI, esto no lo puedo permitir. Y esa es mi \u00fanica pretensi\u00f3n, nunca dije \u2018voy por la dirigencia\u2019, nunca dije \u2018quiero estar en una candidatura\u2019,\u00a0<strong>lo que quiero es recuperar el PRI, que me ha dado oportunidades en mi vida, y que no merece esta dirigencia\u00a0<\/strong>que nos ha llevado al fracaso\u201d, explic\u00f3 Osorio Chong en dicha entrevista.<\/p><\/blockquote>\n\n\n\n<p>El senador priista dijo que todav\u00eda analizar\u00e1 lo que puede hacer legalmente para lograr que Alejandro Moreno deje la dirigencia del partido en agosto, como indican los estatutos del PRI.<\/p>\n\n\n\n<p>Fuente:<a href=\"https:\/\/www.elfinanciero.com.mx\/nacional\/2023\/03\/23\/alejandro-moreno-tiene-secuestrado-al-pri-y-hay-que-sacarlo-dice-osorio-chong\/\" data-type=\"URL\" data-id=\"https:\/\/www.elfinanciero.com.mx\/nacional\/2023\/03\/23\/alejandro-moreno-tiene-secuestrado-al-pri-y-hay-que-sacarlo-dice-osorio-chong\/\"> El Financiero<\/a> <\/p>\n","protected":false},"excerpt":{"rendered":"<p>Miguel \u00c1ngel\u00a0Osorio Chong\u00a0acus\u00f3 que Alejandro Moreno tiene secuestrado al Partido Revolucionario Institucional (PRI). Osorio Chong dej\u00f3 la coordinaci\u00f3n parlamentaria del PRI, luego de que legisladores de su partido solicitaran una reuni\u00f3n para buscar su remoci\u00f3n del cargo el mi\u00e9rcoles. Al ser cuestionado sobre cu\u00e1l ser\u00e1 su camino ahora, el senador dijo que seguir\u00e1 adelante en [&hellip;]<\/p>\n","protected":false},"author":35,"featured_media":73647,"comment_status":"open","ping_status":"open","sticky":false,"template":"","format":"standard","meta":{"_monsterinsights_skip_tracking":false,"_monsterinsights_sitenote_active":false,"_monsterinsights_sitenote_note":"","_monsterinsights_sitenote_category":0,"footnotes":""},"categories":[158],"tags":[6413,3625,208,24086],"class_list":["post-100025","post","type-post","status-publish","format-standard","has-post-thumbnail","hentry","category-politica","tag-alejandro-moreno","tag-osorio-chong","tag-pri","tag-secuestrado","wp-image-borders"],"amp_enabled":true,"_links":{"self":[{"href":"https:\/\/nvnoticias.mx\/index.php\/wp-json\/wp\/v2\/posts\/100025","targetHints":{"allow":["GET"]}}],"collection":[{"href":"https:\/\/nvnoticias.mx\/index.php\/wp-json\/wp\/v2\/posts"}],"about":[{"href":"https:\/\/nvnoticias.mx\/index.php\/wp-json\/wp\/v2\/types\/post"}],"author":[{"embeddable":true,"href":"https:\/\/nvnoticias.mx\/index.php\/wp-json\/wp\/v2\/users\/35"}],"replies":[{"embeddable":true,"href":"https:\/\/nvnoticias.mx\/index.php\/wp-json\/wp\/v2\/comments?post=100025"}],"version-history":[{"count":6,"href":"https:\/\/nvnoticias.mx\/index.php\/wp-json\/wp\/v2\/posts\/100025\/revisions"}],"predecessor-version":[{"id":100031,"href":"https:\/\/nvnoticias.mx\/index.php\/wp-json\/wp\/v2\/posts\/100025\/revisions\/100031"}],"wp:featuredmedia":[{"embeddable":true,"href":"https:\/\/nvnoticias.mx\/index.php\/wp-json\/wp\/v2\/media\/73647"}],"wp:attachment":[{"href":"https:\/\/nvnoticias.mx\/index.php\/wp-json\/wp\/v2\/media?parent=100025"}],"wp:term":[{"taxonomy":"category","embeddable":true,"href":"https:\/\/nvnoticias.mx\/index.php\/wp-json\/wp\/v2\/categories?post=100025"},{"taxonomy":"post_tag","embeddable":true,"href":"https:\/\/nvnoticias.mx\/index.php\/wp-json\/wp\/v2\/tags?post=100025"}],"curies":[{"name":"wp","href":"https:\/\/api.w.org\/{rel}","templated":true}]}}